{"id":986,"date":"2019-01-04T15:01:35","date_gmt":"2019-01-04T17:01:35","guid":{"rendered":"https:\/\/heliosconsultoria.com.br\/solucoes-em-gestao-para-saude\/?p=986"},"modified":"2018-12-10T15:14:05","modified_gmt":"2018-12-10T17:14:05","slug":"numero-de-medicos-e-o-maior-da-historia-do-pais-mas-se-concentra-no-sudeste","status":"publish","type":"post","link":"https:\/\/heliosconsultoria.com.br\/solucoes-em-gestao-para-saude\/numero-de-medicos-e-o-maior-da-historia-do-pais-mas-se-concentra-no-sudeste\/","title":{"rendered":"N\u00famero de m\u00e9dicos \u00e9 o maior da hist\u00f3ria do pa\u00eds, mas se concentra no Sudeste"},"content":{"rendered":"<p style=\"text-align: justify;\"><strong>Brasil se aproxima da marca de meio milh\u00e3o de doutores sem resolver car\u00eancia em cidades pequenas<\/strong><\/p>\n<p style=\"text-align: justify;\">O Brasil alcan\u00e7ou neste ano o maior n\u00famero de m\u00e9dicos da sua hist\u00f3ria. S\u00e3o mais de 450 mil e o marco de meio milh\u00e3o deve ser alcan\u00e7ado muito em breve, em 2020, quando a taxa de m\u00e9dicos por cada grupo de mil habitantes deve chegar a 2,5 \u2013 similar a de pa\u00edses desenvolvidos como, por exemplo, Estados Unidos e Canad\u00e1.<\/p>\n<p style=\"text-align: justify;\">O aumento significativo dos n\u00fameros absolutos, no entanto, n\u00e3o tem feito diminuir a desigualdade na distribui\u00e7\u00e3o, fixa\u00e7\u00e3o e acesso da popula\u00e7\u00e3o a esses profissionais.<\/p>\n<p style=\"text-align: justify;\">Al\u00e9m da concentra\u00e7\u00e3o no Sudeste \u2014a regi\u00e3o tem taxa de 2,81 m\u00e9dicos por mil habitantes, contra 1,16 no Norte \u2014, os m\u00e9dicos tamb\u00e9m preferem os grandes centros.<\/p>\n<p style=\"text-align: justify;\">Nas localidades com at\u00e9 20 mil moradores, que correspondem a 68,3% das cidades brasileiras, h\u00e1 menos de 0,40 m\u00e9dico por mil habitantes.\u00a0Nas 42 cidades brasileiras com mais de 500 mil habitantes, a taxa \u00e9 bem maior, de 4,33 profissionais por mil moradores.<\/p>\n<p style=\"text-align: justify;\">Os dados s\u00e3o da pesquisa<a href=\"http:\/\/www1.folha.uol.com.br\/saopaulo\/2015\/10\/1694985-medicos-acima-dos-70-anos-dobram-em-dois-anos-no-brasil.shtml\"> Demografia M\u00e9dica no Brasil 2018<\/a>, feita pela FMUSP (Faculdade de Medicina da Universidade de S\u00e3o Paulo) com apoio do Conselho Federal de Medicina e o Conselho Regional de Medicina do Estado de S\u00e3o Paulo, o Cremesp.<\/p>\n<p style=\"text-align: justify;\">\u201cO levantamento mostrou que temos uma sobreposi\u00e7\u00e3o de desigualdades. A desigualdade geogr\u00e1fica, a desigualdade no interior do sistema, j\u00e1 que a popula\u00e7\u00e3o atendida pelo sistema privado tem cerca de tr\u00eas vezes mais m\u00e9dicos que a atendida pelo SUS, e a desigualdade pr\u00f3pria da\u00a0profiss\u00e3o, que \u00e9 a distribui\u00e7\u00e3o d\u00edspar entre especialidades\u201d, diz Mario Scheffer, professor da Faculdade de Medicina da USP e coordenador da pesquisa.<\/p>\n<p style=\"text-align: justify;\">Mudar esse cen\u00e1rio, diz o pesquisador, depende de uma pol\u00edtica que combine medidas que incidam desde a forma\u00e7\u00e3o do aluno (com curr\u00edculo que valorize compet\u00eancias voltadas \u00e0 aten\u00e7\u00e3o prim\u00e1ria), passem por pol\u00edticas de atratividade (como remunera\u00e7\u00e3o a quem se dispuser a atuar longe dos grandes centros) e chegar a estrat\u00e9gias que garantam a perman\u00eancia dos m\u00e9dicos em \u00e1reas desassistidas.<\/p>\n<p><img loading=\"lazy\" class=\"alignnone size-full wp-image-989\" src=\"https:\/\/heliosconsultoria.com.br\/solucoes-em-gestao-para-saude\/wp-content\/uploads\/2018\/12\/onde.png\" alt=\"\" width=\"751\" height=\"436\" srcset=\"https:\/\/heliosconsultoria.com.br\/solucoes-em-gestao-para-saude\/wp-content\/uploads\/2018\/12\/onde.png 751w, https:\/\/heliosconsultoria.com.br\/solucoes-em-gestao-para-saude\/wp-content\/uploads\/2018\/12\/onde-300x174.png 300w\" sizes=\"(max-width: 751px) 100vw, 751px\" \/><\/p>\n<p style=\"text-align: justify;\">\u201cPor isso, a abertura de escolas de medicina no interior do pa\u00eds [estrat\u00e9gia do Programa Mais M\u00e9dicos] partiu do diagn\u00f3stico correto, porque realmente s\u00e3o lugares desassistidos. Mas o que se v\u00ea \u00e9 o estudante sair do grande centro, ir ao interior fazer a gradua\u00e7\u00e3o e voltar logo em seguida.\u201d<\/p>\n<p style=\"text-align: justify;\">A afirma\u00e7\u00e3o do especialista \u00e9 corroborada por dados da pesquisa: para 84% dos egressos do curso, as condi\u00e7\u00f5es de trabalho s\u00e3o o principal determinante para fixa\u00e7\u00e3o em uma institui\u00e7\u00e3o ou cidade. Qualidade de vida aparece com 66,2%, seguida por remunera\u00e7\u00e3o, 63,1%, possibilidade de aperfei\u00e7oamento e especializa\u00e7\u00e3o, 50,2%, e plano de carreira, 47,8%.<\/p>\n<p style=\"text-align: justify;\">\u201cA atua\u00e7\u00e3o do m\u00e9dico \u00e9 extremamente regulamentada. Se falta um equipamento, ele pode ser responsabilizado. Quem consegue ficar nessa situa\u00e7\u00e3o por muito tempo? M\u00e9dico sem condi\u00e7\u00f5es de trabalho vira espectador privilegiado do sofrimento humano\u201d, diz o presidente da Associa\u00e7\u00e3o M\u00e9dica Brasileira, Lincoln Lopes Ferreira.<\/p>\n<p style=\"text-align: justify;\">Al\u00e9m do que, completa Ferreira, deix\u00e1-lo \u00e0 merc\u00ea \u00e9 um desperd\u00edcio dos recursos investidos em sua forma\u00e7\u00e3o. \u201cIndependentemente se foi dinheiro p\u00fablico ou curso particular, o custo de seis anos de forma\u00e7\u00e3o mais a especializa\u00e7\u00e3o n\u00e3o \u00e9 menos do que R$ 1 milh\u00e3o. Como voc\u00ea pega essa pessoa com capital cultural e emocional e n\u00e3o d\u00e1 condi\u00e7\u00f5es de trabalho?\u201d<\/p>\n<p style=\"text-align: justify;\">Para especialistas, no entanto, o modelo de financiamento do SUS n\u00e3o aponta para a cria\u00e7\u00e3o de uma carreira de Estado para o m\u00e9dico.<\/p>\n<p style=\"text-align: justify;\">\u201cO que vemos \u00e9 um encolhimento da participa\u00e7\u00e3o da Uni\u00e3o nos gastos com sa\u00fade p\u00fablica, uma transfer\u00eancia da responsabilidade a munic\u00edpios e estados. Nos \u00faltimos anos, o dinheiro federal caiu de 60% para 46% do total investido no SUS\u201d, diz Donizetti Dimer Giamberardino Filho, coordenador da Comiss\u00e3o Nacional Pr\u00f3-SUS do Conselho Federal de Medicina.<\/p>\n<p style=\"text-align: justify;\">\u201cO Brasil confundiu descentraliza\u00e7\u00e3o com municipaliza\u00e7\u00e3o e sobrecarregou lugares pequenos e sem recursos. \u00c9 um sistema perverso e desorganizado\u201d, completa.<\/p>\n<p style=\"text-align: justify;\">Em nota, Minist\u00e9rio da Sa\u00fade afirma destinar recursos crescentes para a sa\u00fade. \u201cEm 2017, foram R$ 126,9 bilh\u00f5es. Para 2018, o or\u00e7amento aprovado pelo Congresso Nacional foi de R$ 130,8 bilh\u00f5es.\u201d<\/p>\n<p style=\"text-align: justify;\">A pasta diz ainda que \u201ctem adotado uma gest\u00e3o austera para o melhor planejamento do gasto p\u00fablico e a expans\u00e3o dos servi\u00e7os\u201d e aponta \u201camplia\u00e7\u00e3o do custeio da sa\u00fade de 13,2% para 15% da receita l\u00edquida\u201d. \u201cA gest\u00e3o do SUS, conforme a legisla\u00e7\u00e3o, \u00e9 compartilhada com estados e munic\u00edpios, respons\u00e1veis pela execu\u00e7\u00e3o dos servi\u00e7os, por complementar o financiamento e pela organiza\u00e7\u00e3o da rede.\u201d<\/p>\n<p><img loading=\"lazy\" class=\"alignnone size-full wp-image-990\" src=\"https:\/\/heliosconsultoria.com.br\/solucoes-em-gestao-para-saude\/wp-content\/uploads\/2018\/12\/med.png\" alt=\"\" width=\"725\" height=\"301\" srcset=\"https:\/\/heliosconsultoria.com.br\/solucoes-em-gestao-para-saude\/wp-content\/uploads\/2018\/12\/med.png 725w, https:\/\/heliosconsultoria.com.br\/solucoes-em-gestao-para-saude\/wp-content\/uploads\/2018\/12\/med-300x125.png 300w\" sizes=\"(max-width: 725px) 100vw, 725px\" \/><\/p>\n<p style=\"text-align: justify;\">Ocimara Balmant<br \/>\nImagem:\u00a0Profissionais na escadaria do pr\u00e9dio do Instituto de Ortopedia e Traumatologia do Hospital das Cl\u00ednicas, em S\u00e3o Paulo &#8211; Lalo de Almeida\/Folhapress<br \/>\n<a href=\"https:\/\/www1.folha.uol.com.br\/seminariosfolha\/2018\/04\/numero-de-medicos-e-o-maior-da-historia-do-pais-mas-se-concentra-no-sudeste.shtml\">Folha<\/a><\/p>\n","protected":false},"excerpt":{"rendered":"<p>Brasil se aproxima da marca de meio milh\u00e3o de doutores sem resolver car\u00eancia em cidades pequenas O Brasil alcan\u00e7ou neste ano o maior n\u00famero de m\u00e9dicos da sua hist\u00f3ria. S\u00e3o mais de 450 mil e o marco de meio milh\u00e3o deve ser alcan\u00e7ado muito em breve, em 2020, quando a taxa de m\u00e9dicos por cada [&hellip;]<\/p>\n","protected":false},"author":3,"featured_media":987,"comment_status":"open","ping_status":"open","sticky":false,"template":"","format":"standard","meta":[],"categories":[42],"tags":[8,94,93,92,13],"yoast_head":"<!-- This site is optimized with the Yoast SEO plugin v18.8 - https:\/\/yoast.com\/wordpress\/plugins\/seo\/ -->\n<title>N\u00famero de m\u00e9dicos \u00e9 o maior da hist\u00f3ria do pa\u00eds, mas se concentra no Sudeste - Helios Solu\u00e7\u00f5es em Gest\u00e3o para Sa\u00fade<\/title>\n<meta name=\"robots\" content=\"index, follow, max-snippet:-1, max-image-preview:large, max-video-preview:-1\" \/>\n<link rel=\"canonical\" href=\"https:\/\/heliosconsultoria.com.br\/solucoes-em-gestao-para-saude\/numero-de-medicos-e-o-maior-da-historia-do-pais-mas-se-concentra-no-sudeste\/\" \/>\n<meta property=\"og:locale\" content=\"pt_BR\" \/>\n<meta property=\"og:type\" content=\"article\" \/>\n<meta property=\"og:title\" content=\"N\u00famero de m\u00e9dicos \u00e9 o maior da hist\u00f3ria do pa\u00eds, mas se concentra no Sudeste - Helios Solu\u00e7\u00f5es em Gest\u00e3o para Sa\u00fade\" \/>\n<meta property=\"og:description\" content=\"Brasil se aproxima da marca de meio milh\u00e3o de doutores sem resolver car\u00eancia em cidades pequenas O Brasil alcan\u00e7ou neste ano o maior n\u00famero de m\u00e9dicos da sua hist\u00f3ria. S\u00e3o mais de 450 mil e o marco de meio milh\u00e3o deve ser alcan\u00e7ado muito em breve, em 2020, quando a taxa de m\u00e9dicos por cada [&hellip;]\" \/>\n<meta property=\"og:url\" content=\"https:\/\/heliosconsultoria.com.br\/solucoes-em-gestao-para-saude\/numero-de-medicos-e-o-maior-da-historia-do-pais-mas-se-concentra-no-sudeste\/\" \/>\n<meta property=\"og:site_name\" content=\"Helios Solu\u00e7\u00f5es em Gest\u00e3o para Sa\u00fade\" \/>\n<meta property=\"article:published_time\" content=\"2019-01-04T17:01:35+00:00\" \/>\n<meta property=\"article:modified_time\" content=\"2018-12-10T17:14:05+00:00\" \/>\n<meta property=\"og:image\" content=\"https:\/\/heliosconsultoria.com.br\/solucoes-em-gestao-para-saude\/wp-content\/uploads\/2018\/12\/15246907935ae0ef6971602_1524690793_3x2_xl.jpg\" \/>\n\t<meta property=\"og:image:width\" content=\"1200\" \/>\n\t<meta property=\"og:image:height\" content=\"800\" \/>\n\t<meta property=\"og:image:type\" content=\"image\/jpeg\" \/>\n<meta name=\"twitter:card\" content=\"summary_large_image\" \/>\n<meta name=\"twitter:label1\" content=\"Escrito por\" \/>\n\t<meta name=\"twitter:data1\" content=\"Alex Magno\" \/>\n\t<meta name=\"twitter:label2\" content=\"Est. tempo de leitura\" \/>\n\t<meta name=\"twitter:data2\" content=\"4 minutos\" \/>\n<script type=\"application\/ld+json\" class=\"yoast-schema-graph\">{\"@context\":\"https:\/\/schema.org\",\"@graph\":[{\"@type\":\"WebSite\",\"@id\":\"https:\/\/heliosconsultoria.com.br\/solucoes-em-gestao-para-saude\/#website\",\"url\":\"https:\/\/heliosconsultoria.com.br\/solucoes-em-gestao-para-saude\/\",\"name\":\"Helios Solu\u00e7\u00f5es em Gest\u00e3o para Sa\u00fade\",\"description\":\"\",\"potentialAction\":[{\"@type\":\"SearchAction\",\"target\":{\"@type\":\"EntryPoint\",\"urlTemplate\":\"https:\/\/heliosconsultoria.com.br\/solucoes-em-gestao-para-saude\/?s={search_term_string}\"},\"query-input\":\"required name=search_term_string\"}],\"inLanguage\":\"pt-BR\"},{\"@type\":\"ImageObject\",\"inLanguage\":\"pt-BR\",\"@id\":\"https:\/\/heliosconsultoria.com.br\/solucoes-em-gestao-para-saude\/numero-de-medicos-e-o-maior-da-historia-do-pais-mas-se-concentra-no-sudeste\/#primaryimage\",\"url\":\"https:\/\/heliosconsultoria.com.br\/solucoes-em-gestao-para-saude\/wp-content\/uploads\/2018\/12\/15246907935ae0ef6971602_1524690793_3x2_xl.jpg\",\"contentUrl\":\"https:\/\/heliosconsultoria.com.br\/solucoes-em-gestao-para-saude\/wp-content\/uploads\/2018\/12\/15246907935ae0ef6971602_1524690793_3x2_xl.jpg\",\"width\":1200,\"height\":800},{\"@type\":\"WebPage\",\"@id\":\"https:\/\/heliosconsultoria.com.br\/solucoes-em-gestao-para-saude\/numero-de-medicos-e-o-maior-da-historia-do-pais-mas-se-concentra-no-sudeste\/#webpage\",\"url\":\"https:\/\/heliosconsultoria.com.br\/solucoes-em-gestao-para-saude\/numero-de-medicos-e-o-maior-da-historia-do-pais-mas-se-concentra-no-sudeste\/\",\"name\":\"N\u00famero de m\u00e9dicos \u00e9 o maior da hist\u00f3ria do pa\u00eds, mas se concentra no Sudeste - Helios Solu\u00e7\u00f5es em Gest\u00e3o para Sa\u00fade\",\"isPartOf\":{\"@id\":\"https:\/\/heliosconsultoria.com.br\/solucoes-em-gestao-para-saude\/#website\"},\"primaryImageOfPage\":{\"@id\":\"https:\/\/heliosconsultoria.com.br\/solucoes-em-gestao-para-saude\/numero-de-medicos-e-o-maior-da-historia-do-pais-mas-se-concentra-no-sudeste\/#primaryimage\"},\"datePublished\":\"2019-01-04T17:01:35+00:00\",\"dateModified\":\"2018-12-10T17:14:05+00:00\",\"author\":{\"@id\":\"https:\/\/heliosconsultoria.com.br\/solucoes-em-gestao-para-saude\/#\/schema\/person\/bd1d067050488262afd40f24c712dfd9\"},\"breadcrumb\":{\"@id\":\"https:\/\/heliosconsultoria.com.br\/solucoes-em-gestao-para-saude\/numero-de-medicos-e-o-maior-da-historia-do-pais-mas-se-concentra-no-sudeste\/#breadcrumb\"},\"inLanguage\":\"pt-BR\",\"potentialAction\":[{\"@type\":\"ReadAction\",\"target\":[\"https:\/\/heliosconsultoria.com.br\/solucoes-em-gestao-para-saude\/numero-de-medicos-e-o-maior-da-historia-do-pais-mas-se-concentra-no-sudeste\/\"]}]},{\"@type\":\"BreadcrumbList\",\"@id\":\"https:\/\/heliosconsultoria.com.br\/solucoes-em-gestao-para-saude\/numero-de-medicos-e-o-maior-da-historia-do-pais-mas-se-concentra-no-sudeste\/#breadcrumb\",\"itemListElement\":[{\"@type\":\"ListItem\",\"position\":1,\"name\":\"In\u00edcio\",\"item\":\"https:\/\/heliosconsultoria.com.br\/solucoes-em-gestao-para-saude\/\"},{\"@type\":\"ListItem\",\"position\":2,\"name\":\"N\u00famero de m\u00e9dicos \u00e9 o maior da hist\u00f3ria do pa\u00eds, mas se concentra no Sudeste\"}]},{\"@type\":\"Person\",\"@id\":\"https:\/\/heliosconsultoria.com.br\/solucoes-em-gestao-para-saude\/#\/schema\/person\/bd1d067050488262afd40f24c712dfd9\",\"name\":\"Alex Magno\",\"image\":{\"@type\":\"ImageObject\",\"inLanguage\":\"pt-BR\",\"@id\":\"https:\/\/heliosconsultoria.com.br\/solucoes-em-gestao-para-saude\/#\/schema\/person\/image\/\",\"url\":\"https:\/\/secure.gravatar.com\/avatar\/c1377ba81d8dc47733f8278d3f598761?s=96&d=mm&r=g\",\"contentUrl\":\"https:\/\/secure.gravatar.com\/avatar\/c1377ba81d8dc47733f8278d3f598761?s=96&d=mm&r=g\",\"caption\":\"Alex Magno\"},\"url\":\"https:\/\/heliosconsultoria.com.br\/solucoes-em-gestao-para-saude\/author\/magno\/\"}]}<\/script>\n<!-- \/ Yoast SEO plugin. -->","yoast_head_json":{"title":"N\u00famero de m\u00e9dicos \u00e9 o maior da hist\u00f3ria do pa\u00eds, mas se concentra no Sudeste - Helios Solu\u00e7\u00f5es em Gest\u00e3o para Sa\u00fade","robots":{"index":"index","follow":"follow","max-snippet":"max-snippet:-1","max-image-preview":"max-image-preview:large","max-video-preview":"max-video-preview:-1"},"canonical":"https:\/\/heliosconsultoria.com.br\/solucoes-em-gestao-para-saude\/numero-de-medicos-e-o-maior-da-historia-do-pais-mas-se-concentra-no-sudeste\/","og_locale":"pt_BR","og_type":"article","og_title":"N\u00famero de m\u00e9dicos \u00e9 o maior da hist\u00f3ria do pa\u00eds, mas se concentra no Sudeste - Helios Solu\u00e7\u00f5es em Gest\u00e3o para Sa\u00fade","og_description":"Brasil se aproxima da marca de meio milh\u00e3o de doutores sem resolver car\u00eancia em cidades pequenas O Brasil alcan\u00e7ou neste ano o maior n\u00famero de m\u00e9dicos da sua hist\u00f3ria. S\u00e3o mais de 450 mil e o marco de meio milh\u00e3o deve ser alcan\u00e7ado muito em breve, em 2020, quando a taxa de m\u00e9dicos por cada [&hellip;]","og_url":"https:\/\/heliosconsultoria.com.br\/solucoes-em-gestao-para-saude\/numero-de-medicos-e-o-maior-da-historia-do-pais-mas-se-concentra-no-sudeste\/","og_site_name":"Helios Solu\u00e7\u00f5es em Gest\u00e3o para Sa\u00fade","article_published_time":"2019-01-04T17:01:35+00:00","article_modified_time":"2018-12-10T17:14:05+00:00","og_image":[{"width":1200,"height":800,"url":"https:\/\/heliosconsultoria.com.br\/solucoes-em-gestao-para-saude\/wp-content\/uploads\/2018\/12\/15246907935ae0ef6971602_1524690793_3x2_xl.jpg","type":"image\/jpeg"}],"twitter_card":"summary_large_image","twitter_misc":{"Escrito por":"Alex Magno","Est. tempo de leitura":"4 minutos"},"schema":{"@context":"https:\/\/schema.org","@graph":[{"@type":"WebSite","@id":"https:\/\/heliosconsultoria.com.br\/solucoes-em-gestao-para-saude\/#website","url":"https:\/\/heliosconsultoria.com.br\/solucoes-em-gestao-para-saude\/","name":"Helios Solu\u00e7\u00f5es em Gest\u00e3o para Sa\u00fade","description":"","potentialAction":[{"@type":"SearchAction","target":{"@type":"EntryPoint","urlTemplate":"https:\/\/heliosconsultoria.com.br\/solucoes-em-gestao-para-saude\/?s={search_term_string}"},"query-input":"required name=search_term_string"}],"inLanguage":"pt-BR"},{"@type":"ImageObject","inLanguage":"pt-BR","@id":"https:\/\/heliosconsultoria.com.br\/solucoes-em-gestao-para-saude\/numero-de-medicos-e-o-maior-da-historia-do-pais-mas-se-concentra-no-sudeste\/#primaryimage","url":"https:\/\/heliosconsultoria.com.br\/solucoes-em-gestao-para-saude\/wp-content\/uploads\/2018\/12\/15246907935ae0ef6971602_1524690793_3x2_xl.jpg","contentUrl":"https:\/\/heliosconsultoria.com.br\/solucoes-em-gestao-para-saude\/wp-content\/uploads\/2018\/12\/15246907935ae0ef6971602_1524690793_3x2_xl.jpg","width":1200,"height":800},{"@type":"WebPage","@id":"https:\/\/heliosconsultoria.com.br\/solucoes-em-gestao-para-saude\/numero-de-medicos-e-o-maior-da-historia-do-pais-mas-se-concentra-no-sudeste\/#webpage","url":"https:\/\/heliosconsultoria.com.br\/solucoes-em-gestao-para-saude\/numero-de-medicos-e-o-maior-da-historia-do-pais-mas-se-concentra-no-sudeste\/","name":"N\u00famero de m\u00e9dicos \u00e9 o maior da hist\u00f3ria do pa\u00eds, mas se concentra no Sudeste - Helios Solu\u00e7\u00f5es em Gest\u00e3o para Sa\u00fade","isPartOf":{"@id":"https:\/\/heliosconsultoria.com.br\/solucoes-em-gestao-para-saude\/#website"},"primaryImageOfPage":{"@id":"https:\/\/heliosconsultoria.com.br\/solucoes-em-gestao-para-saude\/numero-de-medicos-e-o-maior-da-historia-do-pais-mas-se-concentra-no-sudeste\/#primaryimage"},"datePublished":"2019-01-04T17:01:35+00:00","dateModified":"2018-12-10T17:14:05+00:00","author":{"@id":"https:\/\/heliosconsultoria.com.br\/solucoes-em-gestao-para-saude\/#\/schema\/person\/bd1d067050488262afd40f24c712dfd9"},"breadcrumb":{"@id":"https:\/\/heliosconsultoria.com.br\/solucoes-em-gestao-para-saude\/numero-de-medicos-e-o-maior-da-historia-do-pais-mas-se-concentra-no-sudeste\/#breadcrumb"},"inLanguage":"pt-BR","potentialAction":[{"@type":"ReadAction","target":["https:\/\/heliosconsultoria.com.br\/solucoes-em-gestao-para-saude\/numero-de-medicos-e-o-maior-da-historia-do-pais-mas-se-concentra-no-sudeste\/"]}]},{"@type":"BreadcrumbList","@id":"https:\/\/heliosconsultoria.com.br\/solucoes-em-gestao-para-saude\/numero-de-medicos-e-o-maior-da-historia-do-pais-mas-se-concentra-no-sudeste\/#breadcrumb","itemListElement":[{"@type":"ListItem","position":1,"name":"In\u00edcio","item":"https:\/\/heliosconsultoria.com.br\/solucoes-em-gestao-para-saude\/"},{"@type":"ListItem","position":2,"name":"N\u00famero de m\u00e9dicos \u00e9 o maior da hist\u00f3ria do pa\u00eds, mas se concentra no Sudeste"}]},{"@type":"Person","@id":"https:\/\/heliosconsultoria.com.br\/solucoes-em-gestao-para-saude\/#\/schema\/person\/bd1d067050488262afd40f24c712dfd9","name":"Alex Magno","image":{"@type":"ImageObject","inLanguage":"pt-BR","@id":"https:\/\/heliosconsultoria.com.br\/solucoes-em-gestao-para-saude\/#\/schema\/person\/image\/","url":"https:\/\/secure.gravatar.com\/avatar\/c1377ba81d8dc47733f8278d3f598761?s=96&d=mm&r=g","contentUrl":"https:\/\/secure.gravatar.com\/avatar\/c1377ba81d8dc47733f8278d3f598761?s=96&d=mm&r=g","caption":"Alex Magno"},"url":"https:\/\/heliosconsultoria.com.br\/solucoes-em-gestao-para-saude\/author\/magno\/"}]}},"_links":{"self":[{"href":"https:\/\/heliosconsultoria.com.br\/solucoes-em-gestao-para-saude\/wp-json\/wp\/v2\/posts\/986"}],"collection":[{"href":"https:\/\/heliosconsultoria.com.br\/solucoes-em-gestao-para-saude\/wp-json\/wp\/v2\/posts"}],"about":[{"href":"https:\/\/heliosconsultoria.com.br\/solucoes-em-gestao-para-saude\/wp-json\/wp\/v2\/types\/post"}],"author":[{"embeddable":true,"href":"https:\/\/heliosconsultoria.com.br\/solucoes-em-gestao-para-saude\/wp-json\/wp\/v2\/users\/3"}],"replies":[{"embeddable":true,"href":"https:\/\/heliosconsultoria.com.br\/solucoes-em-gestao-para-saude\/wp-json\/wp\/v2\/comments?post=986"}],"version-history":[{"count":1,"href":"https:\/\/heliosconsultoria.com.br\/solucoes-em-gestao-para-saude\/wp-json\/wp\/v2\/posts\/986\/revisions"}],"predecessor-version":[{"id":991,"href":"https:\/\/heliosconsultoria.com.br\/solucoes-em-gestao-para-saude\/wp-json\/wp\/v2\/posts\/986\/revisions\/991"}],"wp:featuredmedia":[{"embeddable":true,"href":"https:\/\/heliosconsultoria.com.br\/solucoes-em-gestao-para-saude\/wp-json\/wp\/v2\/media\/987"}],"wp:attachment":[{"href":"https:\/\/heliosconsultoria.com.br\/solucoes-em-gestao-para-saude\/wp-json\/wp\/v2\/media?parent=986"}],"wp:term":[{"taxonomy":"category","embeddable":true,"href":"https:\/\/heliosconsultoria.com.br\/solucoes-em-gestao-para-saude\/wp-json\/wp\/v2\/categories?post=986"},{"taxonomy":"post_tag","embeddable":true,"href":"https:\/\/heliosconsultoria.com.br\/solucoes-em-gestao-para-saude\/wp-json\/wp\/v2\/tags?post=986"}],"curies":[{"name":"wp","href":"https:\/\/api.w.org\/{rel}","templated":true}]}}