{"id":1163,"date":"2019-04-26T16:39:29","date_gmt":"2019-04-26T19:39:29","guid":{"rendered":"https:\/\/heliosconsultoria.com.br\/solucoes-em-gestao-para-saude\/?p=1163"},"modified":"2019-04-26T16:39:29","modified_gmt":"2019-04-26T19:39:29","slug":"sc-tem-segundo-maior-custo-do-pais-por-afastamentos-no-trabalho","status":"publish","type":"post","link":"https:\/\/heliosconsultoria.com.br\/solucoes-em-gestao-para-saude\/sc-tem-segundo-maior-custo-do-pais-por-afastamentos-no-trabalho\/","title":{"rendered":"SC tem segundo maior custo do pa\u00eds por afastamentos no trabalho"},"content":{"rendered":"<p style=\"text-align: justify;\">Impacto previdenci\u00e1rio por doen\u00e7as e acidentes de trabalho no Estado foi de R$ 1,6 bilh\u00e3o desde 2012<\/p>\n<p class=\"sc-drMfKT StyledParagraph cUugqP\" style=\"text-align: justify;\" data-key=\"142981\"><span data-key=\"142982\">Afastamentos provocados por doen\u00e7as e acidentes de trabalho colocam Santa Catarina na segunda posi\u00e7\u00e3o do ranking nacional de gastos da previd\u00eancia com benef\u00edcios acident\u00e1rios. O custo gerado ao INSS pelo Estado foi de R$ 1,6 bilh\u00e3o entre 2012 e 2018. Pelo menos 149 mil trabalhadores catarinenses precisaram deixar as fun\u00e7\u00f5es por incapacidade laboral no per\u00edodo. A conta s\u00f3 foi maior em S\u00e3o Paulo, com um impacto previdenci\u00e1rio de R$ 4,8 bilh\u00f5es. A soma em todo o Brasil chega a R$ 80 bilh\u00f5es.<\/span><\/p>\n<p class=\"sc-drMfKT StyledParagraph cUugqP\" style=\"text-align: justify;\" data-key=\"142983\"><span data-key=\"142984\">Os dados foram atualizados esta semana pelo Observat\u00f3rio de Seguran\u00e7a e Sa\u00fade no Trabalho. Em n\u00fameros absolutos de acidentes de trabalho, Santa Catarina ocupa a sexta posi\u00e7\u00e3o nacional, com 185,2 mil ocorr\u00eancias nos sete anos analisados.<\/span><\/p>\n<p class=\"sc-drMfKT StyledParagraph cUugqP\" style=\"text-align: justify;\" data-key=\"142985\"><span data-key=\"142986\">Atividades de atendimento hospitalar e de fundi\u00e7\u00e3o de ferro e a\u00e7o concentram a maioria dos casos. Os afastamentos, no entanto, s\u00e3o mais frequentes entre funcion\u00e1rios do transporte rodovi\u00e1rio de carga e da administra\u00e7\u00e3o p\u00fablica.<\/span><\/p>\n<p class=\"sc-drMfKT StyledParagraph cUugqP\" style=\"text-align: justify;\" data-key=\"142987\"><span data-key=\"142988\">A cidade catarinense com maior propor\u00e7\u00e3o de trabalhadores afastados desde 2012 \u00e9 Blumenau (12,1 mil), seguida por Joinville (8,6 mil) e Florian\u00f3polis (6,2 mil). No ranking nacional dos munic\u00edpios, Blumenau \u00e9 destaque com a 10\u00aa maior despesa previdenci\u00e1ria em aux\u00edlios-doen\u00e7a por acidente do trabalho: R$ 160,8 milh\u00f5es. Em Joinville, o custo foi de R$ 123,7 milh\u00f5es, enquanto Florian\u00f3polis teve impacto de R$ 83 milh\u00f5es.<\/span><\/p>\n<p class=\"sc-drMfKT StyledParagraph cUugqP\" style=\"text-align: justify;\" data-key=\"142989\"><span data-key=\"142990\">\u2014A Organiza\u00e7\u00e3o Internacional do Trabalho (OIT) estima que acidentes e doen\u00e7as de trabalho produzem perda de 4% do Produto Interno Bruto a cada ano. No caso do Brasil, o percentual corresponde a R$ 264 bilh\u00f5es, considerado o PIB de 2017 \u2014 observa o procurador do Minist\u00e9rio P\u00fablico do Trabalho, Lu\u00eds Fabiano de Assis.<\/span><\/p>\n<p class=\"sc-drMfKT StyledParagraph cUugqP\" style=\"text-align: justify;\" data-key=\"142991\"><span data-key=\"142992\">As mortes por acidente de trabalho colocam SC na quinta posi\u00e7\u00e3o do ranking nacional. Foram 964 casos em sete anos. A m\u00e9dia \u00e9 de pelo menos uma morte a cada tr\u00eas dias.<\/span><\/p>\n<h3 class=\"sc-cqpYsc kpnIiz\" style=\"text-align: justify;\"><span data-key=\"142994\">Perfil econ\u00f4mico tem rela\u00e7\u00e3o com as estat\u00edsticas, diz procurador<\/span><\/h3>\n<p class=\"sc-drMfKT StyledParagraph cUugqP\" style=\"text-align: justify;\" data-key=\"142995\"><span data-key=\"142996\">O perfil da atividade econ\u00f4mica catarinense, com forte atua\u00e7\u00e3o na ind\u00fastria, agroind\u00fastria e na constru\u00e7\u00e3o civil, tem rela\u00e7\u00e3o direta com o volume de les\u00f5es que provocam o afastamento dos trabalhadores no Estado. \u00c9 o que aponta o procurador do Minist\u00e9rio P\u00fablico do Trabalho em Joinville e coordenador regional do Meio Ambiente do Trabalho, Guilherme Kirtschig.<\/span><\/p>\n<p class=\"sc-drMfKT StyledParagraph cUugqP\" style=\"text-align: justify;\" data-key=\"142997\"><span data-key=\"142998\">A origem das les\u00f5es, diz Kirtschig, normalmente est\u00e1 associada \u00e0 opera\u00e7\u00e3o de m\u00e1quinas, produ\u00e7\u00e3o intensa e \u00e0 sobrejornada. Por outro lado, o procurador destaca que o perfil industrial do Estado, com grande margem de trabalhadores em empregos formais, reduz a possibilidade de subnotifica\u00e7\u00e3o dos acidentes, o que tamb\u00e9m se reflete nas estat\u00edsticas.<\/span><\/p>\n<p class=\"sc-drMfKT StyledParagraph cUugqP\" style=\"text-align: justify;\" data-key=\"142999\"><span data-key=\"143000\">\u2014Temos conseguido reduzir a subnotifica\u00e7\u00e3o. Muitos acidentes ocorrem em setores onde a informalidade predomina, ent\u00e3o fica dif\u00edcil de se reconhecer o problema e n\u00e3o h\u00e1 o afastamento previdenci\u00e1rio. J\u00e1 a formaliza\u00e7\u00e3o tende a gerar a notifica\u00e7\u00e3o e o benef\u00edcio previdenci\u00e1rio, como \u00e9 o caso de Santa Catarina \u2014 observa.<\/span><\/p>\n<p class=\"sc-drMfKT StyledParagraph cUugqP\" style=\"text-align: justify;\" data-key=\"143001\"><span data-key=\"143002\">Embora considere que o pa\u00eds tenha normas avan\u00e7adas de prote\u00e7\u00e3o ao trabalhador, o procurador entende que o aparato de fiscaliza\u00e7\u00e3o do poder p\u00fablico \u00e9 deficit\u00e1rio, com fiscais e or\u00e7amento insuficientes. A car\u00eancia, diz Kirtschig, se repete na preven\u00e7\u00e3o.<\/span><\/p>\n<p class=\"sc-drMfKT StyledParagraph cUugqP\" style=\"text-align: justify;\" data-key=\"143003\"><span data-key=\"143004\">\u2014\u00c9 preciso construir uma cultura de preven\u00e7\u00e3o, que n\u00f3s n\u00e3o temos. \u00c9 um processo lento, que est\u00e1 em evolu\u00e7\u00e3o \u2014 analisa.<\/span><\/p>\n<div data-slate-void=\"true\" data-key=\"143005\">\n<div>\n<figure class=\"sc-fyjhYU Figure fCiBcR\" style=\"text-align: justify;\" data-key=\"143005\"><img title=\" \" src=\"https:\/\/files.nsctotal.com.br\/s3fs-public\/styles\/paragraph_image\/public\/graphql-upload-files\/Gr%C3%A1fico_0.jpg?IxrXQTvgo48umVq.ba9LgAgrTgc3wyhk&amp;itok=4x99INzU\" alt=\" \" \/><figcaption>\n<footer>(Foto: <cite>Roelton Maciel<\/cite>)<\/p>\n<p><a href=\"https:\/\/www.nsctotal.com.br\/noticias\/sc-tem-segundo-maior-custo-do-pais-por-afastamentos-no-trabalho\">NSC Total<\/a><\/p>\n<div class=\"sc-AnqlK Author jHXBIH\">Por\u00a0Roelton\u00a0Maciel<\/div>\n<div class=\"sc-keFjpB Email cFkyub\">roelton.maciel@somosnsc.com.br<br \/>\nConstru\u00e7\u00e3o de edif\u00edcios \u00e9 um dos setores com mais trabalhadores afastados em SC<\/p>\n<footer>(Foto:\u00a0<cite>Betina Humeres, Di\u00e1rio Catarinense\/Arquivo<\/cite>)<\/footer>\n<\/div>\n<\/footer>\n<\/figcaption><\/figure>\n<\/div>\n<\/div>\n","protected":false},"excerpt":{"rendered":"<p>Impacto previdenci\u00e1rio por doen\u00e7as e acidentes de trabalho no Estado foi de R$ 1,6 bilh\u00e3o desde 2012 Afastamentos provocados por doen\u00e7as e acidentes de trabalho colocam Santa Catarina na segunda posi\u00e7\u00e3o do ranking nacional de gastos da previd\u00eancia com benef\u00edcios acident\u00e1rios. O custo gerado ao INSS pelo Estado foi de R$ 1,6 bilh\u00e3o entre 2012 [&hellip;]<\/p>\n","protected":false},"author":3,"featured_media":1164,"comment_status":"open","ping_status":"open","sticky":false,"template":"","format":"standard","meta":[],"categories":[34,48],"tags":[13,96,50,91],"yoast_head":"<!-- This site is optimized with the Yoast SEO plugin v18.8 - https:\/\/yoast.com\/wordpress\/plugins\/seo\/ -->\n<title>SC tem segundo maior custo do pa\u00eds por afastamentos no trabalho - Helios Solu\u00e7\u00f5es em Gest\u00e3o para Sa\u00fade<\/title>\n<meta name=\"robots\" content=\"index, follow, max-snippet:-1, max-image-preview:large, max-video-preview:-1\" \/>\n<link rel=\"canonical\" href=\"https:\/\/heliosconsultoria.com.br\/solucoes-em-gestao-para-saude\/sc-tem-segundo-maior-custo-do-pais-por-afastamentos-no-trabalho\/\" \/>\n<meta property=\"og:locale\" content=\"pt_BR\" \/>\n<meta property=\"og:type\" content=\"article\" \/>\n<meta property=\"og:title\" content=\"SC tem segundo maior custo do pa\u00eds por afastamentos no trabalho - Helios Solu\u00e7\u00f5es em Gest\u00e3o para Sa\u00fade\" \/>\n<meta property=\"og:description\" content=\"Impacto previdenci\u00e1rio por doen\u00e7as e acidentes de trabalho no Estado foi de R$ 1,6 bilh\u00e3o desde 2012 Afastamentos provocados por doen\u00e7as e acidentes de trabalho colocam Santa Catarina na segunda posi\u00e7\u00e3o do ranking nacional de gastos da previd\u00eancia com benef\u00edcios acident\u00e1rios. O custo gerado ao INSS pelo Estado foi de R$ 1,6 bilh\u00e3o entre 2012 [&hellip;]\" \/>\n<meta property=\"og:url\" content=\"https:\/\/heliosconsultoria.com.br\/solucoes-em-gestao-para-saude\/sc-tem-segundo-maior-custo-do-pais-por-afastamentos-no-trabalho\/\" \/>\n<meta property=\"og:site_name\" content=\"Helios Solu\u00e7\u00f5es em Gest\u00e3o para Sa\u00fade\" \/>\n<meta property=\"article:published_time\" content=\"2019-04-26T19:39:29+00:00\" \/>\n<meta property=\"og:image\" content=\"https:\/\/heliosconsultoria.com.br\/solucoes-em-gestao-para-saude\/wp-content\/uploads\/2019\/04\/Acidentes-de-trabalho.jpg\" \/>\n\t<meta property=\"og:image:width\" content=\"800\" \/>\n\t<meta property=\"og:image:height\" content=\"534\" \/>\n\t<meta property=\"og:image:type\" content=\"image\/jpeg\" \/>\n<meta name=\"twitter:card\" content=\"summary_large_image\" \/>\n<meta name=\"twitter:label1\" content=\"Escrito por\" \/>\n\t<meta name=\"twitter:data1\" content=\"Alex Magno\" \/>\n\t<meta name=\"twitter:label2\" content=\"Est. tempo de leitura\" \/>\n\t<meta name=\"twitter:data2\" content=\"3 minutos\" \/>\n<script type=\"application\/ld+json\" class=\"yoast-schema-graph\">{\"@context\":\"https:\/\/schema.org\",\"@graph\":[{\"@type\":\"WebSite\",\"@id\":\"https:\/\/heliosconsultoria.com.br\/solucoes-em-gestao-para-saude\/#website\",\"url\":\"https:\/\/heliosconsultoria.com.br\/solucoes-em-gestao-para-saude\/\",\"name\":\"Helios Solu\u00e7\u00f5es em Gest\u00e3o para Sa\u00fade\",\"description\":\"\",\"potentialAction\":[{\"@type\":\"SearchAction\",\"target\":{\"@type\":\"EntryPoint\",\"urlTemplate\":\"https:\/\/heliosconsultoria.com.br\/solucoes-em-gestao-para-saude\/?s={search_term_string}\"},\"query-input\":\"required name=search_term_string\"}],\"inLanguage\":\"pt-BR\"},{\"@type\":\"ImageObject\",\"inLanguage\":\"pt-BR\",\"@id\":\"https:\/\/heliosconsultoria.com.br\/solucoes-em-gestao-para-saude\/sc-tem-segundo-maior-custo-do-pais-por-afastamentos-no-trabalho\/#primaryimage\",\"url\":\"https:\/\/heliosconsultoria.com.br\/solucoes-em-gestao-para-saude\/wp-content\/uploads\/2019\/04\/Acidentes-de-trabalho.jpg\",\"contentUrl\":\"https:\/\/heliosconsultoria.com.br\/solucoes-em-gestao-para-saude\/wp-content\/uploads\/2019\/04\/Acidentes-de-trabalho.jpg\",\"width\":800,\"height\":534},{\"@type\":\"WebPage\",\"@id\":\"https:\/\/heliosconsultoria.com.br\/solucoes-em-gestao-para-saude\/sc-tem-segundo-maior-custo-do-pais-por-afastamentos-no-trabalho\/#webpage\",\"url\":\"https:\/\/heliosconsultoria.com.br\/solucoes-em-gestao-para-saude\/sc-tem-segundo-maior-custo-do-pais-por-afastamentos-no-trabalho\/\",\"name\":\"SC tem segundo maior custo do pa\u00eds por afastamentos no trabalho - Helios Solu\u00e7\u00f5es em Gest\u00e3o para Sa\u00fade\",\"isPartOf\":{\"@id\":\"https:\/\/heliosconsultoria.com.br\/solucoes-em-gestao-para-saude\/#website\"},\"primaryImageOfPage\":{\"@id\":\"https:\/\/heliosconsultoria.com.br\/solucoes-em-gestao-para-saude\/sc-tem-segundo-maior-custo-do-pais-por-afastamentos-no-trabalho\/#primaryimage\"},\"datePublished\":\"2019-04-26T19:39:29+00:00\",\"dateModified\":\"2019-04-26T19:39:29+00:00\",\"author\":{\"@id\":\"https:\/\/heliosconsultoria.com.br\/solucoes-em-gestao-para-saude\/#\/schema\/person\/bd1d067050488262afd40f24c712dfd9\"},\"breadcrumb\":{\"@id\":\"https:\/\/heliosconsultoria.com.br\/solucoes-em-gestao-para-saude\/sc-tem-segundo-maior-custo-do-pais-por-afastamentos-no-trabalho\/#breadcrumb\"},\"inLanguage\":\"pt-BR\",\"potentialAction\":[{\"@type\":\"ReadAction\",\"target\":[\"https:\/\/heliosconsultoria.com.br\/solucoes-em-gestao-para-saude\/sc-tem-segundo-maior-custo-do-pais-por-afastamentos-no-trabalho\/\"]}]},{\"@type\":\"BreadcrumbList\",\"@id\":\"https:\/\/heliosconsultoria.com.br\/solucoes-em-gestao-para-saude\/sc-tem-segundo-maior-custo-do-pais-por-afastamentos-no-trabalho\/#breadcrumb\",\"itemListElement\":[{\"@type\":\"ListItem\",\"position\":1,\"name\":\"In\u00edcio\",\"item\":\"https:\/\/heliosconsultoria.com.br\/solucoes-em-gestao-para-saude\/\"},{\"@type\":\"ListItem\",\"position\":2,\"name\":\"SC tem segundo maior custo do pa\u00eds por afastamentos no trabalho\"}]},{\"@type\":\"Person\",\"@id\":\"https:\/\/heliosconsultoria.com.br\/solucoes-em-gestao-para-saude\/#\/schema\/person\/bd1d067050488262afd40f24c712dfd9\",\"name\":\"Alex Magno\",\"image\":{\"@type\":\"ImageObject\",\"inLanguage\":\"pt-BR\",\"@id\":\"https:\/\/heliosconsultoria.com.br\/solucoes-em-gestao-para-saude\/#\/schema\/person\/image\/\",\"url\":\"https:\/\/secure.gravatar.com\/avatar\/c1377ba81d8dc47733f8278d3f598761?s=96&d=mm&r=g\",\"contentUrl\":\"https:\/\/secure.gravatar.com\/avatar\/c1377ba81d8dc47733f8278d3f598761?s=96&d=mm&r=g\",\"caption\":\"Alex Magno\"},\"url\":\"https:\/\/heliosconsultoria.com.br\/solucoes-em-gestao-para-saude\/author\/magno\/\"}]}<\/script>\n<!-- \/ Yoast SEO plugin. -->","yoast_head_json":{"title":"SC tem segundo maior custo do pa\u00eds por afastamentos no trabalho - Helios Solu\u00e7\u00f5es em Gest\u00e3o para Sa\u00fade","robots":{"index":"index","follow":"follow","max-snippet":"max-snippet:-1","max-image-preview":"max-image-preview:large","max-video-preview":"max-video-preview:-1"},"canonical":"https:\/\/heliosconsultoria.com.br\/solucoes-em-gestao-para-saude\/sc-tem-segundo-maior-custo-do-pais-por-afastamentos-no-trabalho\/","og_locale":"pt_BR","og_type":"article","og_title":"SC tem segundo maior custo do pa\u00eds por afastamentos no trabalho - Helios Solu\u00e7\u00f5es em Gest\u00e3o para Sa\u00fade","og_description":"Impacto previdenci\u00e1rio por doen\u00e7as e acidentes de trabalho no Estado foi de R$ 1,6 bilh\u00e3o desde 2012 Afastamentos provocados por doen\u00e7as e acidentes de trabalho colocam Santa Catarina na segunda posi\u00e7\u00e3o do ranking nacional de gastos da previd\u00eancia com benef\u00edcios acident\u00e1rios. O custo gerado ao INSS pelo Estado foi de R$ 1,6 bilh\u00e3o entre 2012 [&hellip;]","og_url":"https:\/\/heliosconsultoria.com.br\/solucoes-em-gestao-para-saude\/sc-tem-segundo-maior-custo-do-pais-por-afastamentos-no-trabalho\/","og_site_name":"Helios Solu\u00e7\u00f5es em Gest\u00e3o para Sa\u00fade","article_published_time":"2019-04-26T19:39:29+00:00","og_image":[{"width":800,"height":534,"url":"https:\/\/heliosconsultoria.com.br\/solucoes-em-gestao-para-saude\/wp-content\/uploads\/2019\/04\/Acidentes-de-trabalho.jpg","type":"image\/jpeg"}],"twitter_card":"summary_large_image","twitter_misc":{"Escrito por":"Alex Magno","Est. tempo de leitura":"3 minutos"},"schema":{"@context":"https:\/\/schema.org","@graph":[{"@type":"WebSite","@id":"https:\/\/heliosconsultoria.com.br\/solucoes-em-gestao-para-saude\/#website","url":"https:\/\/heliosconsultoria.com.br\/solucoes-em-gestao-para-saude\/","name":"Helios Solu\u00e7\u00f5es em Gest\u00e3o para Sa\u00fade","description":"","potentialAction":[{"@type":"SearchAction","target":{"@type":"EntryPoint","urlTemplate":"https:\/\/heliosconsultoria.com.br\/solucoes-em-gestao-para-saude\/?s={search_term_string}"},"query-input":"required name=search_term_string"}],"inLanguage":"pt-BR"},{"@type":"ImageObject","inLanguage":"pt-BR","@id":"https:\/\/heliosconsultoria.com.br\/solucoes-em-gestao-para-saude\/sc-tem-segundo-maior-custo-do-pais-por-afastamentos-no-trabalho\/#primaryimage","url":"https:\/\/heliosconsultoria.com.br\/solucoes-em-gestao-para-saude\/wp-content\/uploads\/2019\/04\/Acidentes-de-trabalho.jpg","contentUrl":"https:\/\/heliosconsultoria.com.br\/solucoes-em-gestao-para-saude\/wp-content\/uploads\/2019\/04\/Acidentes-de-trabalho.jpg","width":800,"height":534},{"@type":"WebPage","@id":"https:\/\/heliosconsultoria.com.br\/solucoes-em-gestao-para-saude\/sc-tem-segundo-maior-custo-do-pais-por-afastamentos-no-trabalho\/#webpage","url":"https:\/\/heliosconsultoria.com.br\/solucoes-em-gestao-para-saude\/sc-tem-segundo-maior-custo-do-pais-por-afastamentos-no-trabalho\/","name":"SC tem segundo maior custo do pa\u00eds por afastamentos no trabalho - Helios Solu\u00e7\u00f5es em Gest\u00e3o para Sa\u00fade","isPartOf":{"@id":"https:\/\/heliosconsultoria.com.br\/solucoes-em-gestao-para-saude\/#website"},"primaryImageOfPage":{"@id":"https:\/\/heliosconsultoria.com.br\/solucoes-em-gestao-para-saude\/sc-tem-segundo-maior-custo-do-pais-por-afastamentos-no-trabalho\/#primaryimage"},"datePublished":"2019-04-26T19:39:29+00:00","dateModified":"2019-04-26T19:39:29+00:00","author":{"@id":"https:\/\/heliosconsultoria.com.br\/solucoes-em-gestao-para-saude\/#\/schema\/person\/bd1d067050488262afd40f24c712dfd9"},"breadcrumb":{"@id":"https:\/\/heliosconsultoria.com.br\/solucoes-em-gestao-para-saude\/sc-tem-segundo-maior-custo-do-pais-por-afastamentos-no-trabalho\/#breadcrumb"},"inLanguage":"pt-BR","potentialAction":[{"@type":"ReadAction","target":["https:\/\/heliosconsultoria.com.br\/solucoes-em-gestao-para-saude\/sc-tem-segundo-maior-custo-do-pais-por-afastamentos-no-trabalho\/"]}]},{"@type":"BreadcrumbList","@id":"https:\/\/heliosconsultoria.com.br\/solucoes-em-gestao-para-saude\/sc-tem-segundo-maior-custo-do-pais-por-afastamentos-no-trabalho\/#breadcrumb","itemListElement":[{"@type":"ListItem","position":1,"name":"In\u00edcio","item":"https:\/\/heliosconsultoria.com.br\/solucoes-em-gestao-para-saude\/"},{"@type":"ListItem","position":2,"name":"SC tem segundo maior custo do pa\u00eds por afastamentos no trabalho"}]},{"@type":"Person","@id":"https:\/\/heliosconsultoria.com.br\/solucoes-em-gestao-para-saude\/#\/schema\/person\/bd1d067050488262afd40f24c712dfd9","name":"Alex Magno","image":{"@type":"ImageObject","inLanguage":"pt-BR","@id":"https:\/\/heliosconsultoria.com.br\/solucoes-em-gestao-para-saude\/#\/schema\/person\/image\/","url":"https:\/\/secure.gravatar.com\/avatar\/c1377ba81d8dc47733f8278d3f598761?s=96&d=mm&r=g","contentUrl":"https:\/\/secure.gravatar.com\/avatar\/c1377ba81d8dc47733f8278d3f598761?s=96&d=mm&r=g","caption":"Alex Magno"},"url":"https:\/\/heliosconsultoria.com.br\/solucoes-em-gestao-para-saude\/author\/magno\/"}]}},"_links":{"self":[{"href":"https:\/\/heliosconsultoria.com.br\/solucoes-em-gestao-para-saude\/wp-json\/wp\/v2\/posts\/1163"}],"collection":[{"href":"https:\/\/heliosconsultoria.com.br\/solucoes-em-gestao-para-saude\/wp-json\/wp\/v2\/posts"}],"about":[{"href":"https:\/\/heliosconsultoria.com.br\/solucoes-em-gestao-para-saude\/wp-json\/wp\/v2\/types\/post"}],"author":[{"embeddable":true,"href":"https:\/\/heliosconsultoria.com.br\/solucoes-em-gestao-para-saude\/wp-json\/wp\/v2\/users\/3"}],"replies":[{"embeddable":true,"href":"https:\/\/heliosconsultoria.com.br\/solucoes-em-gestao-para-saude\/wp-json\/wp\/v2\/comments?post=1163"}],"version-history":[{"count":1,"href":"https:\/\/heliosconsultoria.com.br\/solucoes-em-gestao-para-saude\/wp-json\/wp\/v2\/posts\/1163\/revisions"}],"predecessor-version":[{"id":1165,"href":"https:\/\/heliosconsultoria.com.br\/solucoes-em-gestao-para-saude\/wp-json\/wp\/v2\/posts\/1163\/revisions\/1165"}],"wp:featuredmedia":[{"embeddable":true,"href":"https:\/\/heliosconsultoria.com.br\/solucoes-em-gestao-para-saude\/wp-json\/wp\/v2\/media\/1164"}],"wp:attachment":[{"href":"https:\/\/heliosconsultoria.com.br\/solucoes-em-gestao-para-saude\/wp-json\/wp\/v2\/media?parent=1163"}],"wp:term":[{"taxonomy":"category","embeddable":true,"href":"https:\/\/heliosconsultoria.com.br\/solucoes-em-gestao-para-saude\/wp-json\/wp\/v2\/categories?post=1163"},{"taxonomy":"post_tag","embeddable":true,"href":"https:\/\/heliosconsultoria.com.br\/solucoes-em-gestao-para-saude\/wp-json\/wp\/v2\/tags?post=1163"}],"curies":[{"name":"wp","href":"https:\/\/api.w.org\/{rel}","templated":true}]}}