{"id":1035,"date":"2019-02-04T16:51:42","date_gmt":"2019-02-04T18:51:42","guid":{"rendered":"https:\/\/heliosconsultoria.com.br\/solucoes-em-gestao-para-saude\/?p=1035"},"modified":"2019-02-04T16:51:42","modified_gmt":"2019-02-04T18:51:42","slug":"no-dia-mundial-do-cancer-o-que-os-cientistas-sabem-sobre-a-doenca-ate-agora","status":"publish","type":"post","link":"https:\/\/heliosconsultoria.com.br\/solucoes-em-gestao-para-saude\/no-dia-mundial-do-cancer-o-que-os-cientistas-sabem-sobre-a-doenca-ate-agora\/","title":{"rendered":"No Dia Mundial do C\u00e2ncer, o que os cientistas sabem sobre a doen\u00e7a at\u00e9 agora?"},"content":{"rendered":"<p style=\"text-align: justify;\">Mais de 40% dos casos poderiam ser evitados com mudan\u00e7as de h\u00e1bitos; conhe\u00e7a agentes cancer\u00edgenos<\/p>\n<p style=\"text-align: justify;\">Uma dieta balanceada e atividade f\u00edsica s\u00e3o pr\u00e1ticas que podem prevenir diversas doen\u00e7as. Mas voc\u00ea sabia que h\u00e1bitos saud\u00e1veis reduzem o <strong>risco de c\u00e2ncer<\/strong> em at\u00e9 40% dos casos? A conclus\u00e3o foi analisada na American Society of Clinical Oncology 2018, um dos eventos mais importantes da oncologia contempor\u00e2nea global.<\/p>\n<p style=\"text-align: justify;\">\u201cCom exerc\u00edcios regulares, o indiv\u00edduo se afasta de? fatores etiol\u00f3gicos conhecidamente ?relacionados ao ?desenvolvimento de ?c\u00e2ncer, como fumo e \u00e1lcool. A obesidade, que de fato pode ser combatida com a combina\u00e7\u00e3o de dieta adequada e pr\u00e1tica de <strong>exerc\u00edcios f\u00edsicos<\/strong>, \u00e9 reconhecidamente um fator etiol\u00f3gico de determinadas neoplasias malignas\u201d, avalia a Onco-hematologista da Oncocl\u00ednica Centro de Tratamento Oncol\u00f3gico, Adriana Scheliga.<\/p>\n<p style=\"text-align: justify;\">No Brasil, o Inca estima a ocorr\u00eancia de 600 mil casos novos a cada ano, para o bi\u00eanio 2018-2019. No ano passado, foi elaborada uma lista com os 25 t\u00f3picos mais fortemente relacionados ao desenvolvimento do <strong>c\u00e2ncer<\/strong>. O objetivo \u00e9 evitar paranoias e, ao mesmo tempo, conscientizar a popula\u00e7\u00e3o a respeito dos cuidados a serem tomados.<\/p>\n<p style=\"text-align: justify;\">\u201cUm dos aspectos mais importantes para a preven\u00e7\u00e3o do c\u00e2ncer diz respeito ao n\u00edvel de evid\u00eancias cient\u00edficas que atribuem h\u00e1bitos de vida ou exposi\u00e7\u00e3o a subst\u00e2ncias ao desenvolvimento da doen\u00e7a. A Ag\u00eancia Internacional de Pesquisa em C\u00e2ncer (IARC), da Organiza\u00e7\u00e3o Mundial de Sa\u00fade, estabelece uma s\u00e9rie de crit\u00e9rios antes de classificar uma subst\u00e2ncia como carcinog\u00eanica, ou seja, capaz de provocar ou estimular o aparecimento do c\u00e2ncer em um organismo\u201d, avalia o oncologista Cristiano Guedes Duque.<\/p>\n<p style=\"text-align: justify;\">Ao adotar <strong>h\u00e1bitos de vidas saud\u00e1veis<\/strong> e evitar a exposi\u00e7\u00e3o \u00e0s subst\u00e2ncias relacionadas pode evitar n\u00e3o s\u00f3 o c\u00e2ncer, mas tamb\u00e9m uma s\u00e9rie de doen\u00e7as potencialmente graves. O oncologista Cristiano Guedes Duque explica melhor sobre a rela\u00e7\u00e3o dos <strong>tumores<\/strong> com algumas pr\u00e1ticas.<\/p>\n<h3 class=\"intertitulo\" style=\"text-align: justify;\">H\u00e1bitos que podem estar relacionados ou n\u00e3o ao c\u00e2ncer<\/h3>\n<p style=\"text-align: justify;\"><strong>Tabaco: <\/strong>Trata-se da principal causa no mundo inteiro de doen\u00e7as e mortes evit\u00e1veis. Estima-se que o cigarro esteja relacionado \u00e0 morte de quase a metade de seus usu\u00e1rios em longo prazo. A recomenda\u00e7\u00e3o \u00e9 n\u00e3o fumar e n\u00e3o utilizar nenhuma forma de tabaco.<\/p>\n<p style=\"text-align: justify;\"><strong>Tabagismo passivo: <\/strong>Tamb\u00e9m pode causar c\u00e2ncer e outras doen\u00e7as cr\u00f4nicas, inclusive em crian\u00e7as. N\u00e3o se deve fumar dentro de casa.<\/p>\n<p style=\"text-align: justify;\"><strong>Peso saud\u00e1vel: <\/strong>Inclui dieta e atividade f\u00edsica, o que pode reduzir em at\u00e9 18% o risco de desenvolver c\u00e2ncer.<\/p>\n<p style=\"text-align: justify;\"><strong>Atividade f\u00edsica: <\/strong>O recomend\u00e1vel \u00e9 que as pessoas se mantenham moderadamente ativas por\u00a0 30 minutos ao dia.<\/p>\n<p style=\"text-align: justify;\"><strong>Alimenta\u00e7\u00e3o: <\/strong>Devem ser evitados: alimentos com excesso de calorias (tanto por a\u00e7\u00facar como por gorduras), bebidas com excesso de a\u00e7\u00facar.<\/p>\n<p style=\"text-align: justify;\"><strong>\u00c1lcool: <\/strong>Se a pessoa j\u00e1 possui esse h\u00e1bito, deve procurar limitar a quantidade. O melhor para a preven\u00e7\u00e3o do c\u00e2ncer \u00e9 evitar qualquer consumo de \u00e1lcool.<\/p>\n<p style=\"text-align: justify;\"><strong>Exposi\u00e7\u00e3o ao sol:<\/strong> Evite exposi\u00e7\u00e3o em excesso, principalmente em crian\u00e7as. Sempre que necess\u00e1rio, utilize medidas de prote\u00e7\u00e3o (roupas, protetor solar). N\u00e3o deve ser realizado o bronzeamento artificial.<\/p>\n<p style=\"text-align: justify;\"><strong>Polui\u00e7\u00e3o do ar e exposi\u00e7\u00e3o a subst\u00e2ncias:<\/strong> Inclui as subst\u00e2ncias utilizadas no trabalho (na ind\u00fastria ou em servi\u00e7os, como de cabeleireiros). O uso de forno a lenha deve ser evitado, principalmente se n\u00e3o h\u00e1 exaust\u00e3o correta. O ambiente das cidades deve ter medidas para controle da polui\u00e7\u00e3o.<\/p>\n<p style=\"text-align: justify;\"><strong>Sa\u00fade da mulher: <\/strong>Se poss\u00edvel, as m\u00e3es devem amamentar seus filhos. A reposi\u00e7\u00e3o hormonal p\u00f3s-menopausa deve ser evitada ou pelo menos limitada.<\/p>\n<p style=\"text-align: justify;\"><strong>Vacina\u00e7\u00e3o e infec\u00e7\u00f5es: <\/strong>As vacinas contra hepatite B e HPV podem evitar o c\u00e2ncer.<\/p>\n<p style=\"text-align: justify;\"><strong>Radia\u00e7\u00e3o: <\/strong>Deve ser evitada exposi\u00e7\u00e3o desnecess\u00e1ria, principalmente na \u00e1rea da sa\u00fade.<\/p>\n<p style=\"text-align: justify;\"><strong>Rastreamento: <\/strong>A descoberta do c\u00e2ncer antes dos sintomas aumenta as chances de cura. C\u00e2nceres de mama, de colo uterino e de intestino s\u00e3o os principais. As pessoas que t\u00eam hist\u00f3ria familiar de c\u00e2ncer devem ter aten\u00e7\u00e3o especial aos h\u00e1bitos de vida e discutir com os m\u00e9dicos a necessidade de um rastreamento individualizado.<\/p>\n<h3 class=\"intertitulo\" style=\"text-align: justify;\">Alimentos ou produtos que podem ser cancer\u00edgenos<\/h3>\n<p style=\"text-align: justify;\">Respirar certas subst\u00e2ncias, comer determinados alimentos e at\u00e9 mesmo usar alguns tipos de pl\u00e1sticos elevam o risco de desenvolver alguns tipos de c\u00e2ncer.<\/p>\n<p style=\"text-align: justify;\">A Onco-hematologista da Oncocl\u00ednica Centro de Tratamento Oncol\u00f3gico, Adriana Scheliga, analisa alguns agentes cancer\u00edgenos conhecidos, assim como outros temas nos quais os cientistas est\u00e3o se concentrando e classificando como principais suspeitos.<\/p>\n<p style=\"text-align: justify;\"><strong>A\u00e7\u00facar:<\/strong> O a\u00e7\u00facar refinado branco, presente em doces, biscoitos e muitos produtos industrializados, quando consumido em excesso, pode levar \u00e0 obesidade, a altera\u00e7\u00f5es metab\u00f3licas e at\u00e9 ao desenvolvimento do diabetes mellitus. A obesidade pode \u00a0aumentar o risco de desenvolvimento de c\u00e2ncer de mama, c\u00f3lon e reto, es\u00f4fago, rim e p\u00e2ncreas. \u00c9 importante lembrar que o a\u00e7\u00facar est\u00e1 presente em diversos alimentos como componente natural essencial. Alguns exemplos s\u00e3o a frutose nas frutas, a lactose nos derivados de leite. Portanto, a utiliza\u00e7\u00e3o de a\u00e7\u00facar isoladamente n\u00e3o pode ser considerada um fator de causa e efeito de c\u00e2ncer.<\/p>\n<p style=\"text-align: justify;\"><strong>Alimentos processados: <\/strong>Qualquer alimento que venha em um inv\u00f3lucro de pl\u00e1stico e esteja industrialmente selado foi projetado para durar meses sem estragar. \u00a0Cientistas na Fran\u00e7a recentemente demonstraram uma rela\u00e7\u00e3o entre pessoas que comem mais alimentos processados e aqueles que desenvolvem c\u00e2ncer. Por\u00e9m, ainda n\u00e3o h\u00e1 certeza se o problema s\u00e3o os ingredientes estabilizadores do produto, a embalagem pl\u00e1stica ou alguma combina\u00e7\u00e3o dos dois. Por isso, mais estudos s\u00e3o necess\u00e1rios para de fato comprovar a correla\u00e7\u00e3o de causa e efeito. J\u00e1 alimentos como os embutidos (lingui\u00e7as, salsichas, presuntos e apresuntados, entre outros) s\u00e3o apontados como grandes vil\u00f5es, isso porque o tratamento recebido pela carne \u00e9 de alguma forma para preserv\u00e1-la ou temper\u00e1-la, como salgar, curar, fermentar ou defumar.<\/p>\n<p style=\"text-align: justify;\"><strong>Produtos qu\u00edmicos e subst\u00e2ncias t\u00f3xicas: <\/strong>Algumas pessoas trabalham diariamente com subst\u00e2ncias potencialmente causadoras de c\u00e2ncer. Funcion\u00e1rios em f\u00e1brica de alum\u00ednio, amianto, determinadas tintas, derivados de benzeno, fabricantes de borracha, cabeleireiros que utilizam corantes (as coloristas) sem prote\u00e7\u00e3o, trabalhadores de minas de carv\u00e3o, trabalhadores em locais de escapamento de vapores de derivados de diesel e gasolina (como frentistas de posto de gasolina), formalde\u00eddo, ars\u00eanico.<\/p>\n<p style=\"text-align: justify;\"><strong>Carne vermelha:<\/strong> A OMS sugere que qualquer tipo de carne vermelha possa estar ligada a um aumento do risco de c\u00e2ncer colorretal. Al\u00e9m disso, h\u00e1 algumas evid\u00eancias que indicam que sua contribui\u00e7\u00e3o para o c\u00e2ncer pancre\u00e1tico e de pr\u00f3stata, embora essa evid\u00eancia n\u00e3o seja t\u00e3o forte. As carnes defumadas e churrascos provavelmente tamb\u00e9m aumentam o risco de c\u00e2ncer, porque quando s\u00e3o assadas em fogo muito quente ou s\u00e3o fritas em altas temperaturas eliminam subst\u00e2ncias, como as aminas heteroc\u00edclicas e hidrocarbonetos arom\u00e1ticos polic\u00edclicos, que junto com as chamas aumentam os produtos qu\u00edmicos cozidos na carne consumida. Os pesquisadores n\u00e3o est\u00e3o certos de que esses produtos qu\u00edmicos causem c\u00e2ncer. Contudo, em testes de laborat\u00f3rio, o DNA celular sofre mudan\u00e7as que podem aumentar o risco de c\u00e2ncer.<\/p>\n<p style=\"text-align: justify;\"><strong>Herbicidas e pesticidas:<\/strong> H\u00e1 evid\u00eancias de que os herbicidas e pesticidas utilizados na lavoura estejam mais relacionados ao c\u00e2ncer nos agricultores do que nas pessoas que ingerem alimentos pulverizados com essas subst\u00e2ncias<\/p>\n<p style=\"text-align: justify;\">Poeira de madeira: Trabalhadores de serraria e marceneiros que respiram toneladas de poeira ao cortar e moldar madeira de um modo geral t\u00eam maior probabilidade de desenvolver c\u00e2ncer da cavidade nasal do que uma pessoa comum.<\/p>\n<p style=\"text-align: justify;\"><strong>Status menstrual da mulher: \u00a0<\/strong>As mulheres que come\u00e7am a menstruar mais cedo ou entram na menopausa mais tarde podem ter um risco aumentado de c\u00e2ncer de mama, porque est\u00e3o expostas a um tempo mais prolongado ao estrog\u00eanio e \u00e0 progesterona produzidos pelos ov\u00e1rios. As mulheres que entram na menopausa e utilizam reposi\u00e7\u00e3o hormonal combinada de estrog\u00eanio e progesterona para ajudar a aliviar os sintomas tamb\u00e9m podem estar em maior risco. Sobre a utiliza\u00e7\u00e3o das p\u00edlulas anticoncepcionais, que embora muitas vezes est\u00e3o associadas a um potencial risco aumentado de c\u00e2ncer de colo de \u00fatero, h\u00e1 algumas evid\u00eancias de que estar sob controle de natalidade por outro lado esteja associado a um risco reduzido de desenvolver outros tipos de c\u00e2ncer, como do endom\u00e9trio, colorretal e de ov\u00e1rio.<\/p>\n<p style=\"text-align: justify;\"><strong>Hist\u00f3ria familiar de c\u00e2ncer: <\/strong>Algum risco de c\u00e2ncer \u00e9 transmitido de gera\u00e7\u00e3o em gera\u00e7\u00e3o. As muta\u00e7\u00f5es gen\u00e9ticas podem ocorrer \u00a0em cerca de 5-10% de todos os c\u00e2nceres. E essas altera\u00e7\u00f5es gen\u00e9ticas que promovem o c\u00e2ncer podem ser herdadas de nossos pais, se elas estiverem presentes nas c\u00e9lulas chamadas germinativas (\u00f3vulos e espermatoz\u00f3ides). Por exemplo, certos tipos de c\u00e2ncer de mama s\u00e3o resultado de muta\u00e7\u00f5es nos genes BRCA1 e BRCA2.<\/p>\n<p style=\"text-align: justify;\"><strong>Pr\u00f3teses de silicone:<\/strong> Recentemente, foi descrita uma nova entidade chamada linfoma anapl\u00e1sico de grandes c\u00e9lulas associado a implantes de mama. \u00c9 um tipo de c\u00e2ncer em mulheres com implantes de silicone de mama. Ainda assim, essa entidade \u00e9 rara, e deve apenas alertar as mulheres e seus cirurgi\u00f5es que devem manter suas pacientes sempre sob controle. N\u00e3o \u00e9 uma contraindica\u00e7\u00e3o ao seu uso.<\/p>\n<p style=\"text-align: justify;\"><strong>Polui\u00e7\u00e3o do ar:<\/strong> A inala\u00e7\u00e3o de fuligem tamb\u00e9m tem sido associada ao c\u00e2ncer de pulm\u00e3o, es\u00f4fago e de bexiga. \u00a0Cientistas estudaram bombeiros, funcion\u00e1rios de escrit\u00f3rios e estudantes de Nova York que estiveram em Manhattan nos dias e semanas ap\u00f3s os ataques de 11 de setembro e descobriram que eles tinham taxas mais altas de c\u00e2ncer, incluindo c\u00e2ncer de mama, colo de \u00fatero, pulm\u00e3o e mais recentemente Mieloma M\u00faltiplo. J\u00e1 a s\u00edlica, mineral natural encontrado na areia, pedra e concreto, est\u00e1 associada a um aumento do c\u00e2ncer de pulm\u00e3o, quando trabalhadores da constru\u00e7\u00e3o civil e mineiros inalam part\u00edculas de s\u00edlica cortando ou perfurando pedras.<\/p>\n<p style=\"text-align: justify;\"><strong>Radia\u00e7\u00e3o:<\/strong> As pessoas que viviam perto do local do desastre nuclear do ano 1986 em Chernobyl, na Ucr\u00e2nia, desenvolveram taxas mais altas do que as usuais de c\u00e2ncer de pulm\u00e3o, tire\u00f3ide e leucemias agudas.<\/p>\n<p style=\"text-align: justify;\"><strong>Alguns Pl\u00e1sticos: <\/strong>Os pl\u00e1sticos podem ser perigosos, especialmente quando liberam subst\u00e2ncias qu\u00edmicas, como o BPA, subst\u00e2ncia que tem sido utilizada em muitos pl\u00e1sticos e resinas desde a d\u00e9cada de 1960. As resinas de BPA podem ser usadas dentro de produtos como latas de alimentos met\u00e1licos como subst\u00e2ncias selantes, assim como em garrafas de pl\u00e1stico de \u00e1gua e recipientes de armazenamento de alimentos. Embora muitos fabricantes de pl\u00e1sticos tenham come\u00e7ado a rotular seus produtos como &#8220;livre de BPA&#8221;, o c\u00e2ncer de mama e pr\u00f3stata podem estar ligados a essas subst\u00e2ncias. Hoje, alguns estados americanos aboliram definitivamente a comercializa\u00e7\u00e3o de garrafas pl\u00e1sticas de \u00e1gua.<\/p>\n<p style=\"text-align: justify;\"><strong>Acrilamida:<\/strong> O escurecimento de alguns alimentos cozidos ou assados em altas temperaturas &#8211; como p\u00e3o, caf\u00e9 ou batatas fritas &#8211; produz um composto qu\u00edmico chamado acrilamida. Isso acontece naturalmente em um processo chamado rea\u00e7\u00e3o de Maillard. Por\u00e9m, a dose de acrilamida em uma x\u00edcara de caf\u00e9 ou um p\u00e3ozinho assado na chapa provavelmente n\u00e3o \u00e9 perigoso. A ANVISA alerta que os modelos te\u00f3ricos para predizer se um c\u00e2ncer poderia ser desenvolvido no ser humano como resultado da ingest\u00e3o de alimentos, contendo acrilamida, n\u00e3o s\u00e3o confi\u00e1veis para desenvolver conclus\u00f5es consistentes sobre o risco. Ainda assim, um juiz do estado da Calif\u00f3rnia, nos Estados Unidos, decidiu no in\u00edcio deste ano que os vendedores de caf\u00e9 devem alertar seus clientes sobre os poss\u00edveis riscos de c\u00e2ncer da acrilamida no caf\u00e9.\n<\/p>\n<p style=\"text-align: justify;\">Camila Tuchlinski &#8211; O Estado de S.Paulo<br \/>\nFonte: <a href=\"https:\/\/emais.estadao.com.br\/noticias\/bem-estar,no-dia-mundial-do-cancer-o-que-os-cientistas-sabem-sobre-a-doenca-ate-agora,70002707029\">Estad\u00e3o<\/a><\/p>\n<p style=\"text-align: justify;\">\n<p style=\"text-align: justify;\">\n<p style=\"text-align: justify;\">\n","protected":false},"excerpt":{"rendered":"<p>Mais de 40% dos casos poderiam ser evitados com mudan\u00e7as de h\u00e1bitos; conhe\u00e7a agentes cancer\u00edgenos Uma dieta balanceada e atividade f\u00edsica s\u00e3o pr\u00e1ticas que podem prevenir diversas doen\u00e7as. Mas voc\u00ea sabia que h\u00e1bitos saud\u00e1veis reduzem o risco de c\u00e2ncer em at\u00e9 40% dos casos? A conclus\u00e3o foi analisada na American Society of Clinical Oncology 2018, [&hellip;]<\/p>\n","protected":false},"author":3,"featured_media":1036,"comment_status":"open","ping_status":"open","sticky":false,"template":"","format":"standard","meta":[],"categories":[34,28],"tags":[27,99,13],"yoast_head":"<!-- This site is optimized with the Yoast SEO plugin v18.8 - https:\/\/yoast.com\/wordpress\/plugins\/seo\/ -->\n<title>No Dia Mundial do C\u00e2ncer, o que os cientistas sabem sobre a doen\u00e7a at\u00e9 agora? - Helios Solu\u00e7\u00f5es em Gest\u00e3o para Sa\u00fade<\/title>\n<meta name=\"robots\" content=\"index, follow, max-snippet:-1, max-image-preview:large, max-video-preview:-1\" \/>\n<link rel=\"canonical\" href=\"https:\/\/heliosconsultoria.com.br\/solucoes-em-gestao-para-saude\/no-dia-mundial-do-cancer-o-que-os-cientistas-sabem-sobre-a-doenca-ate-agora\/\" \/>\n<meta property=\"og:locale\" content=\"pt_BR\" \/>\n<meta property=\"og:type\" content=\"article\" \/>\n<meta property=\"og:title\" content=\"No Dia Mundial do C\u00e2ncer, o que os cientistas sabem sobre a doen\u00e7a at\u00e9 agora? - Helios Solu\u00e7\u00f5es em Gest\u00e3o para Sa\u00fade\" \/>\n<meta property=\"og:description\" content=\"Mais de 40% dos casos poderiam ser evitados com mudan\u00e7as de h\u00e1bitos; conhe\u00e7a agentes cancer\u00edgenos Uma dieta balanceada e atividade f\u00edsica s\u00e3o pr\u00e1ticas que podem prevenir diversas doen\u00e7as. Mas voc\u00ea sabia que h\u00e1bitos saud\u00e1veis reduzem o risco de c\u00e2ncer em at\u00e9 40% dos casos? A conclus\u00e3o foi analisada na American Society of Clinical Oncology 2018, [&hellip;]\" \/>\n<meta property=\"og:url\" content=\"https:\/\/heliosconsultoria.com.br\/solucoes-em-gestao-para-saude\/no-dia-mundial-do-cancer-o-que-os-cientistas-sabem-sobre-a-doenca-ate-agora\/\" \/>\n<meta property=\"og:site_name\" content=\"Helios Solu\u00e7\u00f5es em Gest\u00e3o para Sa\u00fade\" \/>\n<meta property=\"article:published_time\" content=\"2019-02-04T18:51:42+00:00\" \/>\n<meta property=\"og:image\" content=\"https:\/\/heliosconsultoria.com.br\/solucoes-em-gestao-para-saude\/wp-content\/uploads\/2019\/02\/Preview-mature-woman-suffering-from-cancer-LFJ8WYE.jpg\" \/>\n\t<meta property=\"og:image:width\" content=\"6144\" \/>\n\t<meta property=\"og:image:height\" content=\"4080\" \/>\n\t<meta property=\"og:image:type\" content=\"image\/jpeg\" \/>\n<meta name=\"twitter:card\" content=\"summary_large_image\" \/>\n<meta name=\"twitter:label1\" content=\"Escrito por\" \/>\n\t<meta name=\"twitter:data1\" content=\"Alex Magno\" \/>\n\t<meta name=\"twitter:label2\" content=\"Est. tempo de leitura\" \/>\n\t<meta name=\"twitter:data2\" content=\"10 minutos\" \/>\n<script type=\"application\/ld+json\" class=\"yoast-schema-graph\">{\"@context\":\"https:\/\/schema.org\",\"@graph\":[{\"@type\":\"WebSite\",\"@id\":\"https:\/\/heliosconsultoria.com.br\/solucoes-em-gestao-para-saude\/#website\",\"url\":\"https:\/\/heliosconsultoria.com.br\/solucoes-em-gestao-para-saude\/\",\"name\":\"Helios Solu\u00e7\u00f5es em Gest\u00e3o para Sa\u00fade\",\"description\":\"\",\"potentialAction\":[{\"@type\":\"SearchAction\",\"target\":{\"@type\":\"EntryPoint\",\"urlTemplate\":\"https:\/\/heliosconsultoria.com.br\/solucoes-em-gestao-para-saude\/?s={search_term_string}\"},\"query-input\":\"required name=search_term_string\"}],\"inLanguage\":\"pt-BR\"},{\"@type\":\"ImageObject\",\"inLanguage\":\"pt-BR\",\"@id\":\"https:\/\/heliosconsultoria.com.br\/solucoes-em-gestao-para-saude\/no-dia-mundial-do-cancer-o-que-os-cientistas-sabem-sobre-a-doenca-ate-agora\/#primaryimage\",\"url\":\"https:\/\/heliosconsultoria.com.br\/solucoes-em-gestao-para-saude\/wp-content\/uploads\/2019\/02\/Preview-mature-woman-suffering-from-cancer-LFJ8WYE.jpg\",\"contentUrl\":\"https:\/\/heliosconsultoria.com.br\/solucoes-em-gestao-para-saude\/wp-content\/uploads\/2019\/02\/Preview-mature-woman-suffering-from-cancer-LFJ8WYE.jpg\",\"width\":6144,\"height\":4080},{\"@type\":\"WebPage\",\"@id\":\"https:\/\/heliosconsultoria.com.br\/solucoes-em-gestao-para-saude\/no-dia-mundial-do-cancer-o-que-os-cientistas-sabem-sobre-a-doenca-ate-agora\/#webpage\",\"url\":\"https:\/\/heliosconsultoria.com.br\/solucoes-em-gestao-para-saude\/no-dia-mundial-do-cancer-o-que-os-cientistas-sabem-sobre-a-doenca-ate-agora\/\",\"name\":\"No Dia Mundial do C\u00e2ncer, o que os cientistas sabem sobre a doen\u00e7a at\u00e9 agora? - Helios Solu\u00e7\u00f5es em Gest\u00e3o para Sa\u00fade\",\"isPartOf\":{\"@id\":\"https:\/\/heliosconsultoria.com.br\/solucoes-em-gestao-para-saude\/#website\"},\"primaryImageOfPage\":{\"@id\":\"https:\/\/heliosconsultoria.com.br\/solucoes-em-gestao-para-saude\/no-dia-mundial-do-cancer-o-que-os-cientistas-sabem-sobre-a-doenca-ate-agora\/#primaryimage\"},\"datePublished\":\"2019-02-04T18:51:42+00:00\",\"dateModified\":\"2019-02-04T18:51:42+00:00\",\"author\":{\"@id\":\"https:\/\/heliosconsultoria.com.br\/solucoes-em-gestao-para-saude\/#\/schema\/person\/bd1d067050488262afd40f24c712dfd9\"},\"breadcrumb\":{\"@id\":\"https:\/\/heliosconsultoria.com.br\/solucoes-em-gestao-para-saude\/no-dia-mundial-do-cancer-o-que-os-cientistas-sabem-sobre-a-doenca-ate-agora\/#breadcrumb\"},\"inLanguage\":\"pt-BR\",\"potentialAction\":[{\"@type\":\"ReadAction\",\"target\":[\"https:\/\/heliosconsultoria.com.br\/solucoes-em-gestao-para-saude\/no-dia-mundial-do-cancer-o-que-os-cientistas-sabem-sobre-a-doenca-ate-agora\/\"]}]},{\"@type\":\"BreadcrumbList\",\"@id\":\"https:\/\/heliosconsultoria.com.br\/solucoes-em-gestao-para-saude\/no-dia-mundial-do-cancer-o-que-os-cientistas-sabem-sobre-a-doenca-ate-agora\/#breadcrumb\",\"itemListElement\":[{\"@type\":\"ListItem\",\"position\":1,\"name\":\"In\u00edcio\",\"item\":\"https:\/\/heliosconsultoria.com.br\/solucoes-em-gestao-para-saude\/\"},{\"@type\":\"ListItem\",\"position\":2,\"name\":\"No Dia Mundial do C\u00e2ncer, o que os cientistas sabem sobre a doen\u00e7a at\u00e9 agora?\"}]},{\"@type\":\"Person\",\"@id\":\"https:\/\/heliosconsultoria.com.br\/solucoes-em-gestao-para-saude\/#\/schema\/person\/bd1d067050488262afd40f24c712dfd9\",\"name\":\"Alex Magno\",\"image\":{\"@type\":\"ImageObject\",\"inLanguage\":\"pt-BR\",\"@id\":\"https:\/\/heliosconsultoria.com.br\/solucoes-em-gestao-para-saude\/#\/schema\/person\/image\/\",\"url\":\"https:\/\/secure.gravatar.com\/avatar\/c1377ba81d8dc47733f8278d3f598761?s=96&d=mm&r=g\",\"contentUrl\":\"https:\/\/secure.gravatar.com\/avatar\/c1377ba81d8dc47733f8278d3f598761?s=96&d=mm&r=g\",\"caption\":\"Alex Magno\"},\"url\":\"https:\/\/heliosconsultoria.com.br\/solucoes-em-gestao-para-saude\/author\/magno\/\"}]}<\/script>\n<!-- \/ Yoast SEO plugin. -->","yoast_head_json":{"title":"No Dia Mundial do C\u00e2ncer, o que os cientistas sabem sobre a doen\u00e7a at\u00e9 agora? - Helios Solu\u00e7\u00f5es em Gest\u00e3o para Sa\u00fade","robots":{"index":"index","follow":"follow","max-snippet":"max-snippet:-1","max-image-preview":"max-image-preview:large","max-video-preview":"max-video-preview:-1"},"canonical":"https:\/\/heliosconsultoria.com.br\/solucoes-em-gestao-para-saude\/no-dia-mundial-do-cancer-o-que-os-cientistas-sabem-sobre-a-doenca-ate-agora\/","og_locale":"pt_BR","og_type":"article","og_title":"No Dia Mundial do C\u00e2ncer, o que os cientistas sabem sobre a doen\u00e7a at\u00e9 agora? - Helios Solu\u00e7\u00f5es em Gest\u00e3o para Sa\u00fade","og_description":"Mais de 40% dos casos poderiam ser evitados com mudan\u00e7as de h\u00e1bitos; conhe\u00e7a agentes cancer\u00edgenos Uma dieta balanceada e atividade f\u00edsica s\u00e3o pr\u00e1ticas que podem prevenir diversas doen\u00e7as. Mas voc\u00ea sabia que h\u00e1bitos saud\u00e1veis reduzem o risco de c\u00e2ncer em at\u00e9 40% dos casos? A conclus\u00e3o foi analisada na American Society of Clinical Oncology 2018, [&hellip;]","og_url":"https:\/\/heliosconsultoria.com.br\/solucoes-em-gestao-para-saude\/no-dia-mundial-do-cancer-o-que-os-cientistas-sabem-sobre-a-doenca-ate-agora\/","og_site_name":"Helios Solu\u00e7\u00f5es em Gest\u00e3o para Sa\u00fade","article_published_time":"2019-02-04T18:51:42+00:00","og_image":[{"width":6144,"height":4080,"url":"https:\/\/heliosconsultoria.com.br\/solucoes-em-gestao-para-saude\/wp-content\/uploads\/2019\/02\/Preview-mature-woman-suffering-from-cancer-LFJ8WYE.jpg","type":"image\/jpeg"}],"twitter_card":"summary_large_image","twitter_misc":{"Escrito por":"Alex Magno","Est. tempo de leitura":"10 minutos"},"schema":{"@context":"https:\/\/schema.org","@graph":[{"@type":"WebSite","@id":"https:\/\/heliosconsultoria.com.br\/solucoes-em-gestao-para-saude\/#website","url":"https:\/\/heliosconsultoria.com.br\/solucoes-em-gestao-para-saude\/","name":"Helios Solu\u00e7\u00f5es em Gest\u00e3o para Sa\u00fade","description":"","potentialAction":[{"@type":"SearchAction","target":{"@type":"EntryPoint","urlTemplate":"https:\/\/heliosconsultoria.com.br\/solucoes-em-gestao-para-saude\/?s={search_term_string}"},"query-input":"required name=search_term_string"}],"inLanguage":"pt-BR"},{"@type":"ImageObject","inLanguage":"pt-BR","@id":"https:\/\/heliosconsultoria.com.br\/solucoes-em-gestao-para-saude\/no-dia-mundial-do-cancer-o-que-os-cientistas-sabem-sobre-a-doenca-ate-agora\/#primaryimage","url":"https:\/\/heliosconsultoria.com.br\/solucoes-em-gestao-para-saude\/wp-content\/uploads\/2019\/02\/Preview-mature-woman-suffering-from-cancer-LFJ8WYE.jpg","contentUrl":"https:\/\/heliosconsultoria.com.br\/solucoes-em-gestao-para-saude\/wp-content\/uploads\/2019\/02\/Preview-mature-woman-suffering-from-cancer-LFJ8WYE.jpg","width":6144,"height":4080},{"@type":"WebPage","@id":"https:\/\/heliosconsultoria.com.br\/solucoes-em-gestao-para-saude\/no-dia-mundial-do-cancer-o-que-os-cientistas-sabem-sobre-a-doenca-ate-agora\/#webpage","url":"https:\/\/heliosconsultoria.com.br\/solucoes-em-gestao-para-saude\/no-dia-mundial-do-cancer-o-que-os-cientistas-sabem-sobre-a-doenca-ate-agora\/","name":"No Dia Mundial do C\u00e2ncer, o que os cientistas sabem sobre a doen\u00e7a at\u00e9 agora? - Helios Solu\u00e7\u00f5es em Gest\u00e3o para Sa\u00fade","isPartOf":{"@id":"https:\/\/heliosconsultoria.com.br\/solucoes-em-gestao-para-saude\/#website"},"primaryImageOfPage":{"@id":"https:\/\/heliosconsultoria.com.br\/solucoes-em-gestao-para-saude\/no-dia-mundial-do-cancer-o-que-os-cientistas-sabem-sobre-a-doenca-ate-agora\/#primaryimage"},"datePublished":"2019-02-04T18:51:42+00:00","dateModified":"2019-02-04T18:51:42+00:00","author":{"@id":"https:\/\/heliosconsultoria.com.br\/solucoes-em-gestao-para-saude\/#\/schema\/person\/bd1d067050488262afd40f24c712dfd9"},"breadcrumb":{"@id":"https:\/\/heliosconsultoria.com.br\/solucoes-em-gestao-para-saude\/no-dia-mundial-do-cancer-o-que-os-cientistas-sabem-sobre-a-doenca-ate-agora\/#breadcrumb"},"inLanguage":"pt-BR","potentialAction":[{"@type":"ReadAction","target":["https:\/\/heliosconsultoria.com.br\/solucoes-em-gestao-para-saude\/no-dia-mundial-do-cancer-o-que-os-cientistas-sabem-sobre-a-doenca-ate-agora\/"]}]},{"@type":"BreadcrumbList","@id":"https:\/\/heliosconsultoria.com.br\/solucoes-em-gestao-para-saude\/no-dia-mundial-do-cancer-o-que-os-cientistas-sabem-sobre-a-doenca-ate-agora\/#breadcrumb","itemListElement":[{"@type":"ListItem","position":1,"name":"In\u00edcio","item":"https:\/\/heliosconsultoria.com.br\/solucoes-em-gestao-para-saude\/"},{"@type":"ListItem","position":2,"name":"No Dia Mundial do C\u00e2ncer, o que os cientistas sabem sobre a doen\u00e7a at\u00e9 agora?"}]},{"@type":"Person","@id":"https:\/\/heliosconsultoria.com.br\/solucoes-em-gestao-para-saude\/#\/schema\/person\/bd1d067050488262afd40f24c712dfd9","name":"Alex Magno","image":{"@type":"ImageObject","inLanguage":"pt-BR","@id":"https:\/\/heliosconsultoria.com.br\/solucoes-em-gestao-para-saude\/#\/schema\/person\/image\/","url":"https:\/\/secure.gravatar.com\/avatar\/c1377ba81d8dc47733f8278d3f598761?s=96&d=mm&r=g","contentUrl":"https:\/\/secure.gravatar.com\/avatar\/c1377ba81d8dc47733f8278d3f598761?s=96&d=mm&r=g","caption":"Alex Magno"},"url":"https:\/\/heliosconsultoria.com.br\/solucoes-em-gestao-para-saude\/author\/magno\/"}]}},"_links":{"self":[{"href":"https:\/\/heliosconsultoria.com.br\/solucoes-em-gestao-para-saude\/wp-json\/wp\/v2\/posts\/1035"}],"collection":[{"href":"https:\/\/heliosconsultoria.com.br\/solucoes-em-gestao-para-saude\/wp-json\/wp\/v2\/posts"}],"about":[{"href":"https:\/\/heliosconsultoria.com.br\/solucoes-em-gestao-para-saude\/wp-json\/wp\/v2\/types\/post"}],"author":[{"embeddable":true,"href":"https:\/\/heliosconsultoria.com.br\/solucoes-em-gestao-para-saude\/wp-json\/wp\/v2\/users\/3"}],"replies":[{"embeddable":true,"href":"https:\/\/heliosconsultoria.com.br\/solucoes-em-gestao-para-saude\/wp-json\/wp\/v2\/comments?post=1035"}],"version-history":[{"count":1,"href":"https:\/\/heliosconsultoria.com.br\/solucoes-em-gestao-para-saude\/wp-json\/wp\/v2\/posts\/1035\/revisions"}],"predecessor-version":[{"id":1037,"href":"https:\/\/heliosconsultoria.com.br\/solucoes-em-gestao-para-saude\/wp-json\/wp\/v2\/posts\/1035\/revisions\/1037"}],"wp:featuredmedia":[{"embeddable":true,"href":"https:\/\/heliosconsultoria.com.br\/solucoes-em-gestao-para-saude\/wp-json\/wp\/v2\/media\/1036"}],"wp:attachment":[{"href":"https:\/\/heliosconsultoria.com.br\/solucoes-em-gestao-para-saude\/wp-json\/wp\/v2\/media?parent=1035"}],"wp:term":[{"taxonomy":"category","embeddable":true,"href":"https:\/\/heliosconsultoria.com.br\/solucoes-em-gestao-para-saude\/wp-json\/wp\/v2\/categories?post=1035"},{"taxonomy":"post_tag","embeddable":true,"href":"https:\/\/heliosconsultoria.com.br\/solucoes-em-gestao-para-saude\/wp-json\/wp\/v2\/tags?post=1035"}],"curies":[{"name":"wp","href":"https:\/\/api.w.org\/{rel}","templated":true}]}}