{"id":1030,"date":"2019-01-21T10:23:58","date_gmt":"2019-01-21T12:23:58","guid":{"rendered":"https:\/\/heliosconsultoria.com.br\/solucoes-em-gestao-para-saude\/?p=1030"},"modified":"2019-01-21T10:23:58","modified_gmt":"2019-01-21T12:23:58","slug":"modernizacao-gestao-e-regionalizacao-garantem-avancos-para-a-saude-de-santa-catarina","status":"publish","type":"post","link":"https:\/\/heliosconsultoria.com.br\/solucoes-em-gestao-para-saude\/modernizacao-gestao-e-regionalizacao-garantem-avancos-para-a-saude-de-santa-catarina\/","title":{"rendered":"Moderniza\u00e7\u00e3o, gest\u00e3o e regionaliza\u00e7\u00e3o garantem avan\u00e7os para a sa\u00fade de Santa Catarina"},"content":{"rendered":"<h2 style=\"text-align: justify;\">Estado ainda conquistou o primeiro lugar na Campanha Nacional de Cirurgias Eletivas<\/h2>\n<p style=\"text-align: justify;\">O Governo de Santa Catarina conseguiu importantes avan\u00e7os em 2018 na Sa\u00fade. A maior parte das conquistas se deve ao fortalecimento de uma das mais importantes bandeiras assumidas pelo governador Eduardo Pinho Moreira, a regionaliza\u00e7\u00e3o. Considerando que o volume de demandas da sociedade \u00e9 sempre superior \u00e0 capacidade que o Estado tem de atend\u00ea-las, era fundamental direcionar, desde o in\u00edcio da nova gest\u00e3o, o foco para necessidades mais urgentes, elegendo a pasta como prioridade.<\/p>\n<p style=\"text-align: justify;\">\u201cConcentramos nossos esfor\u00e7os na valoriza\u00e7\u00e3o da vida e do bem-estar dos cidad\u00e3os. Garantimos \u00e0 Sa\u00fade o repasse dos 14% da receita l\u00edquida e investimos 14,07% a mais que em 2017, mantendo os repasses aos munic\u00edpios em dia. Conseguimos reduzir parte da d\u00edvida que nos aguardava no in\u00edcio do ano por meio de uma gest\u00e3o financeira t\u00e9cnica e com o rigoroso controle de gastos. Foram muitas conquistas nesses meses de gest\u00e3o,\u00a0motivos de muito orgulho a todos que se dedicaram ao trabalho de cuidar das pessoas com dignidade e respeito\u201d, afirma o governador.<\/p>\n<p style=\"text-align: justify;\">Em onze meses diante da pasta, o secret\u00e1rio Ac\u00e9lio Casagrande destaca que o fortalecimento da regionaliza\u00e7\u00e3o e das voca\u00e7\u00f5es hospitalares proporcionou\u00a0\u00e0 popula\u00e7\u00e3o que necessita de servi\u00e7os m\u00e9dicos atendimento na pr\u00f3pria regi\u00e3o onde vive.\u00a0As novas habilita\u00e7\u00f5es de servi\u00e7os m\u00e9dicos garantiram aos munic\u00edpios catarinenses o recebimento de R$ 29 milh\u00f5es em 2018, com destaque para Oncologia em S\u00e3o Bento do Sul, Blumenau, Rio do Sul e S\u00e3o Miguel do Oeste. Atualmente, de 84% a 98% dos procedimentos s\u00e3o realizados na regi\u00e3o onde o paciente reside, gerando maior resolutividade regional com rela\u00e7\u00e3o \u00e0 assist\u00eancia ambulatorial e hospitalar.<\/p>\n<p style=\"text-align: justify;\">\u201cN\u00e3o existe f\u00f3rmula m\u00e1gica para tirar pessoas ou ambul\u00e2ncias de estradas. A \u00fanica forma \u00e9 a regionaliza\u00e7\u00e3o dos servi\u00e7os\u201d, explica Casagrande, que completa: \u201cO Governo de Santa Catarina vem buscando preencher os vazios assistenciais e, com isso, estamos implementando servi\u00e7os m\u00e9dicos perto das pessoas. Isso \u00e9 regionalizar e democratizar a sa\u00fade\u201d, acrescenta.<\/p>\n<p style=\"text-align: justify;\">Ainda de acordo com Ac\u00e9lio, a redu\u00e7\u00e3o da d\u00edvida com fornecedores permeou a atual gest\u00e3o, que adotou pr\u00e1ticas para viabilizar processos licitat\u00f3rios. Em setembro de 2017, o Tribunal de Contas apurou que a d\u00edvida da Secretaria de Estado da Sa\u00fade era de R$1,083 bilh\u00e3o. \u201cO levantamento realizado em setembro de 2018 j\u00e1 aponta uma redu\u00e7\u00e3o de 27% no d\u00e9ficit\u201d, afirma.<\/p>\n<p style=\"text-align: justify;\">Contrata\u00e7\u00e3o de novos pregoeiros e amplia\u00e7\u00e3o nos descritivos de editais licitat\u00f3rios possibilitaram, entre outras coisas, a amplia\u00e7\u00e3o de estoques de medicamentos e suprimentos da pasta. Entre as medidas est\u00e3o a contrata\u00e7\u00e3o de pregoeiros, amplia\u00e7\u00e3o dos descritivos de editais de compra e busca ativa por fornecedores. \u201cNosso estoque de medicamentos saltou de 36% quando assumimos para perto de 90% devido \u00e0 ado\u00e7\u00e3o dessas medidas\u201d, ressalta.<\/p>\n<p style=\"text-align: justify;\">Em 2018, tamb\u00e9m foi o ano de consolida\u00e7\u00e3o e aprimoramento do portal Lista de Espera SUS, considerado modelo nacional e que possui uma m\u00e9dia de mil acessos di\u00e1rios. A ferramenta online tem garantido transpar\u00eancia das a\u00e7\u00f5es regulat\u00f3rias. Com o conhecimento p\u00fablico e claro da situa\u00e7\u00e3o de filas, foi poss\u00edvel tra\u00e7ar medidas estrat\u00e9gicas, como a cria\u00e7\u00e3o do mutir\u00e3o de cirurgias de catarata. Mais de 50 mil pessoas aguardavam na fila por cirurgias e, at\u00e9 novembro do ano corrente, Santa Catarina conseguiu atender 22 mil pacientes, devolvendo a vis\u00e3o para quem aguardava h\u00e1 cinco anos pelo procedimento.<\/p>\n<p style=\"text-align: justify;\">Santa Catarina ainda conquistou o primeiro lugar na Campanha Nacional de Cirurgias Eletivas realizada pelo Minist\u00e9rio da Sa\u00fade, o que representou 18.761 procedimentos, ou seja, 184% da meta proposta. O Governo Federal estendeu a campanha at\u00e9 dezembro, o que deve proporcionar pelo menos mais 15 mil cirurgias em 2018.<\/p>\n<p style=\"text-align: justify;\">A pasta tamb\u00e9m encerrou o ano com o pagamento em dia do Cofinanciamento Estadual das a\u00e7\u00f5es de aten\u00e7\u00e3o prim\u00e1ria \u00e0 sa\u00fade, repassando aos munic\u00edpios em torno de R$ 84 milh\u00f5es.<\/p>\n<p style=\"text-align: justify;\">O N\u00facleo de Telessa\u00fade de Santa Catarina \u00e9 refer\u00eancia nacional para a oferta de servi\u00e7os que respondem \u00e0s necessidades de apoio assistencial, de educa\u00e7\u00e3o permanente aos profissionais de sa\u00fade e \u00e0 organiza\u00e7\u00e3o do processo de trabalho da rede de aten\u00e7\u00e3o em parceria com o Minist\u00e9rio da Sa\u00fade e Universidade Federal de Santa Catarina. Entre janeiro e setembro de 2018, foram 195 mil exames laudados e 22 mil teleconsultorias, o que reduz o tempo de espera em filas.<\/p>\n<p style=\"text-align: justify;\"><strong>Regionaliza\u00e7\u00e3o<\/strong><\/p>\n<p style=\"text-align: justify;\">Os catarinenses contam com tratamentos, cirurgias especializadas e eletivas na pr\u00f3pria regi\u00e3o de resid\u00eancia, diminuindo a necessidade de se deslocar para outras localidades. Em 2018, foram habilitados 25 novos servi\u00e7os de alta e m\u00e9dia complexidade em todo o estado.<\/p>\n<p style=\"text-align: justify;\"><img loading=\"lazy\" class=\"alignnone size-full wp-image-1031\" src=\"https:\/\/heliosconsultoria.com.br\/solucoes-em-gestao-para-saude\/wp-content\/uploads\/2019\/01\/GRAFICO-2.jpg\" alt=\"\" width=\"620\" height=\"315\" srcset=\"https:\/\/heliosconsultoria.com.br\/solucoes-em-gestao-para-saude\/wp-content\/uploads\/2019\/01\/GRAFICO-2.jpg 620w, https:\/\/heliosconsultoria.com.br\/solucoes-em-gestao-para-saude\/wp-content\/uploads\/2019\/01\/GRAFICO-2-300x152.jpg 300w\" sizes=\"(max-width: 620px) 100vw, 620px\" \/><\/p>\n<p style=\"text-align: justify;\"><strong>Novos servi\u00e7os<\/strong><\/p>\n<p style=\"text-align: justify;\">\u2022 Aumento de 109 novos leitos (2 UTIs, 18 gerais pedi\u00e1tricos e 89 gerais)<br \/>\n\u2022 Abertura da Unidade de Apoio a Emerg\u00eancia (UAE) no Hospital Celso Ramos: 14 novos leitos e incremento m\u00e9dio mensalde 423 atendimentos<br \/>\n\u2022 Abertura do Ambulat\u00f3rio de atendimento pr\u00e9-natal de alto risco na Maternidade Dona Catarina Kuss, em Mafra<br \/>\n\u2022 Amplia\u00e7\u00e3o dos servi\u00e7os de Hemodin\u00e2mica no Instituto de Cardiologia e abertura de 4 leitos p\u00f3s anestesia<br \/>\n\u2022 Credenciamento de transplante Tecido M\u00fasculo Esquel\u00e9tico no Hospital Regional de S\u00e3o Jos\u00e9 (Portaria n\u00b0 1300\/2018 -23\/08\/2018)<br \/>\n\u2022 Aquisi\u00e7\u00e3o de novos equipamentos: aparelho de Raios-X, aparelho de videoendoscopia, 2 autoclaves e 4 incubadoras<br \/>\n\u2022 Redu\u00e7\u00e3o de tempo de espera e otimiza\u00e7\u00e3o do atendimento dos pacientes desde a sua entrada na Emerg\u00eancia Geral at\u00e9a transfer\u00eancia para a unidade de interna\u00e7\u00e3o em 16,7%, ou seja, passou de 80 para 66 horas<br \/>\n\u2022 O Hospital Regional Homero de Miranda Gomes, de S\u00e3o Jos\u00e9, \u00e9 a unidade com melhor efici\u00eancia na Emerg\u00eancia, desdea entrada do paciente at\u00e9 o encaminhamento para interna\u00e7\u00e3o. O hospital conquistou o melhor desempenho entre seishospitais que participaram da consultoria do Hospital S\u00edrio-Liban\u00eas<\/p>\n<p style=\"text-align: justify;\"><strong>Integra\u00e7\u00e3o<\/strong><\/p>\n<p style=\"text-align: justify;\">Em pouco mais de um ano de integra\u00e7\u00e3o entre SAMU e Bombeiros Militares \u00e9 poss\u00edvel ver os resultados dessa parceria. A primeira delas foi a unifica\u00e7\u00e3o das sedes f\u00edsicas de atendimento para os quart\u00e9is. Al\u00e9m disso, houve a iminui\u00e7\u00e3o do tempo de resposta das USAs em 1&#8242; 18&#8221;, sendo a m\u00e9dia estadual 12&#8217;48&#8221; em \u00a02018. Em m\u00e9dia, s\u00e3o realizados 27 mil atendimentos ao m\u00eas.<\/p>\n<p style=\"text-align: justify;\">\n<p style=\"text-align: justify;\"><a href=\"http:\/\/www.engeplus.com.br\/noticia\/geral\/2018\/modernizacao-gestao-e-regionalizacao-garantem-avancos-para-a-saude-de-santa-cata\">Engeplus<\/a><\/p>\n<p style=\"text-align: justify;\">\n","protected":false},"excerpt":{"rendered":"<p>Estado ainda conquistou o primeiro lugar na Campanha Nacional de Cirurgias Eletivas O Governo de Santa Catarina conseguiu importantes avan\u00e7os em 2018 na Sa\u00fade. A maior parte das conquistas se deve ao fortalecimento de uma das mais importantes bandeiras assumidas pelo governador Eduardo Pinho Moreira, a regionaliza\u00e7\u00e3o. Considerando que o volume de demandas da sociedade [&hellip;]<\/p>\n","protected":false},"author":3,"featured_media":1032,"comment_status":"open","ping_status":"open","sticky":false,"template":"","format":"standard","meta":[],"categories":[34],"tags":[9,97,13,96,98],"yoast_head":"<!-- This site is optimized with the Yoast SEO plugin v18.8 - https:\/\/yoast.com\/wordpress\/plugins\/seo\/ -->\n<title>Moderniza\u00e7\u00e3o, gest\u00e3o e regionaliza\u00e7\u00e3o garantem avan\u00e7os para a sa\u00fade de Santa Catarina - Helios Solu\u00e7\u00f5es em Gest\u00e3o para Sa\u00fade<\/title>\n<meta name=\"robots\" content=\"index, follow, max-snippet:-1, max-image-preview:large, max-video-preview:-1\" \/>\n<link rel=\"canonical\" href=\"https:\/\/heliosconsultoria.com.br\/solucoes-em-gestao-para-saude\/modernizacao-gestao-e-regionalizacao-garantem-avancos-para-a-saude-de-santa-catarina\/\" \/>\n<meta property=\"og:locale\" content=\"pt_BR\" \/>\n<meta property=\"og:type\" content=\"article\" \/>\n<meta property=\"og:title\" content=\"Moderniza\u00e7\u00e3o, gest\u00e3o e regionaliza\u00e7\u00e3o garantem avan\u00e7os para a sa\u00fade de Santa Catarina - Helios Solu\u00e7\u00f5es em Gest\u00e3o para Sa\u00fade\" \/>\n<meta property=\"og:description\" content=\"Estado ainda conquistou o primeiro lugar na Campanha Nacional de Cirurgias Eletivas O Governo de Santa Catarina conseguiu importantes avan\u00e7os em 2018 na Sa\u00fade. A maior parte das conquistas se deve ao fortalecimento de uma das mais importantes bandeiras assumidas pelo governador Eduardo Pinho Moreira, a regionaliza\u00e7\u00e3o. Considerando que o volume de demandas da sociedade [&hellip;]\" \/>\n<meta property=\"og:url\" content=\"https:\/\/heliosconsultoria.com.br\/solucoes-em-gestao-para-saude\/modernizacao-gestao-e-regionalizacao-garantem-avancos-para-a-saude-de-santa-catarina\/\" \/>\n<meta property=\"og:site_name\" content=\"Helios Solu\u00e7\u00f5es em Gest\u00e3o para Sa\u00fade\" \/>\n<meta property=\"article:published_time\" content=\"2019-01-21T12:23:58+00:00\" \/>\n<meta property=\"og:image\" content=\"https:\/\/heliosconsultoria.com.br\/solucoes-em-gestao-para-saude\/wp-content\/uploads\/2019\/01\/modernizacao-gestao-e-regionalizacao-garantem-avancos-para-a-saude-de-santa-cata.jpg\" \/>\n\t<meta property=\"og:image:width\" content=\"620\" \/>\n\t<meta property=\"og:image:height\" content=\"413\" \/>\n\t<meta property=\"og:image:type\" content=\"image\/jpeg\" \/>\n<meta name=\"twitter:card\" content=\"summary_large_image\" \/>\n<meta name=\"twitter:label1\" content=\"Escrito por\" \/>\n\t<meta name=\"twitter:data1\" content=\"Alex Magno\" \/>\n\t<meta name=\"twitter:label2\" content=\"Est. tempo de leitura\" \/>\n\t<meta name=\"twitter:data2\" content=\"5 minutos\" \/>\n<script type=\"application\/ld+json\" class=\"yoast-schema-graph\">{\"@context\":\"https:\/\/schema.org\",\"@graph\":[{\"@type\":\"WebSite\",\"@id\":\"https:\/\/heliosconsultoria.com.br\/solucoes-em-gestao-para-saude\/#website\",\"url\":\"https:\/\/heliosconsultoria.com.br\/solucoes-em-gestao-para-saude\/\",\"name\":\"Helios Solu\u00e7\u00f5es em Gest\u00e3o para Sa\u00fade\",\"description\":\"\",\"potentialAction\":[{\"@type\":\"SearchAction\",\"target\":{\"@type\":\"EntryPoint\",\"urlTemplate\":\"https:\/\/heliosconsultoria.com.br\/solucoes-em-gestao-para-saude\/?s={search_term_string}\"},\"query-input\":\"required name=search_term_string\"}],\"inLanguage\":\"pt-BR\"},{\"@type\":\"ImageObject\",\"inLanguage\":\"pt-BR\",\"@id\":\"https:\/\/heliosconsultoria.com.br\/solucoes-em-gestao-para-saude\/modernizacao-gestao-e-regionalizacao-garantem-avancos-para-a-saude-de-santa-catarina\/#primaryimage\",\"url\":\"https:\/\/heliosconsultoria.com.br\/solucoes-em-gestao-para-saude\/wp-content\/uploads\/2019\/01\/modernizacao-gestao-e-regionalizacao-garantem-avancos-para-a-saude-de-santa-cata.jpg\",\"contentUrl\":\"https:\/\/heliosconsultoria.com.br\/solucoes-em-gestao-para-saude\/wp-content\/uploads\/2019\/01\/modernizacao-gestao-e-regionalizacao-garantem-avancos-para-a-saude-de-santa-cata.jpg\",\"width\":620,\"height\":413},{\"@type\":\"WebPage\",\"@id\":\"https:\/\/heliosconsultoria.com.br\/solucoes-em-gestao-para-saude\/modernizacao-gestao-e-regionalizacao-garantem-avancos-para-a-saude-de-santa-catarina\/#webpage\",\"url\":\"https:\/\/heliosconsultoria.com.br\/solucoes-em-gestao-para-saude\/modernizacao-gestao-e-regionalizacao-garantem-avancos-para-a-saude-de-santa-catarina\/\",\"name\":\"Moderniza\u00e7\u00e3o, gest\u00e3o e regionaliza\u00e7\u00e3o garantem avan\u00e7os para a sa\u00fade de Santa Catarina - Helios Solu\u00e7\u00f5es em Gest\u00e3o para Sa\u00fade\",\"isPartOf\":{\"@id\":\"https:\/\/heliosconsultoria.com.br\/solucoes-em-gestao-para-saude\/#website\"},\"primaryImageOfPage\":{\"@id\":\"https:\/\/heliosconsultoria.com.br\/solucoes-em-gestao-para-saude\/modernizacao-gestao-e-regionalizacao-garantem-avancos-para-a-saude-de-santa-catarina\/#primaryimage\"},\"datePublished\":\"2019-01-21T12:23:58+00:00\",\"dateModified\":\"2019-01-21T12:23:58+00:00\",\"author\":{\"@id\":\"https:\/\/heliosconsultoria.com.br\/solucoes-em-gestao-para-saude\/#\/schema\/person\/bd1d067050488262afd40f24c712dfd9\"},\"breadcrumb\":{\"@id\":\"https:\/\/heliosconsultoria.com.br\/solucoes-em-gestao-para-saude\/modernizacao-gestao-e-regionalizacao-garantem-avancos-para-a-saude-de-santa-catarina\/#breadcrumb\"},\"inLanguage\":\"pt-BR\",\"potentialAction\":[{\"@type\":\"ReadAction\",\"target\":[\"https:\/\/heliosconsultoria.com.br\/solucoes-em-gestao-para-saude\/modernizacao-gestao-e-regionalizacao-garantem-avancos-para-a-saude-de-santa-catarina\/\"]}]},{\"@type\":\"BreadcrumbList\",\"@id\":\"https:\/\/heliosconsultoria.com.br\/solucoes-em-gestao-para-saude\/modernizacao-gestao-e-regionalizacao-garantem-avancos-para-a-saude-de-santa-catarina\/#breadcrumb\",\"itemListElement\":[{\"@type\":\"ListItem\",\"position\":1,\"name\":\"In\u00edcio\",\"item\":\"https:\/\/heliosconsultoria.com.br\/solucoes-em-gestao-para-saude\/\"},{\"@type\":\"ListItem\",\"position\":2,\"name\":\"Moderniza\u00e7\u00e3o, gest\u00e3o e regionaliza\u00e7\u00e3o garantem avan\u00e7os para a sa\u00fade de Santa Catarina\"}]},{\"@type\":\"Person\",\"@id\":\"https:\/\/heliosconsultoria.com.br\/solucoes-em-gestao-para-saude\/#\/schema\/person\/bd1d067050488262afd40f24c712dfd9\",\"name\":\"Alex Magno\",\"image\":{\"@type\":\"ImageObject\",\"inLanguage\":\"pt-BR\",\"@id\":\"https:\/\/heliosconsultoria.com.br\/solucoes-em-gestao-para-saude\/#\/schema\/person\/image\/\",\"url\":\"https:\/\/secure.gravatar.com\/avatar\/c1377ba81d8dc47733f8278d3f598761?s=96&d=mm&r=g\",\"contentUrl\":\"https:\/\/secure.gravatar.com\/avatar\/c1377ba81d8dc47733f8278d3f598761?s=96&d=mm&r=g\",\"caption\":\"Alex Magno\"},\"url\":\"https:\/\/heliosconsultoria.com.br\/solucoes-em-gestao-para-saude\/author\/magno\/\"}]}<\/script>\n<!-- \/ Yoast SEO plugin. -->","yoast_head_json":{"title":"Moderniza\u00e7\u00e3o, gest\u00e3o e regionaliza\u00e7\u00e3o garantem avan\u00e7os para a sa\u00fade de Santa Catarina - Helios Solu\u00e7\u00f5es em Gest\u00e3o para Sa\u00fade","robots":{"index":"index","follow":"follow","max-snippet":"max-snippet:-1","max-image-preview":"max-image-preview:large","max-video-preview":"max-video-preview:-1"},"canonical":"https:\/\/heliosconsultoria.com.br\/solucoes-em-gestao-para-saude\/modernizacao-gestao-e-regionalizacao-garantem-avancos-para-a-saude-de-santa-catarina\/","og_locale":"pt_BR","og_type":"article","og_title":"Moderniza\u00e7\u00e3o, gest\u00e3o e regionaliza\u00e7\u00e3o garantem avan\u00e7os para a sa\u00fade de Santa Catarina - Helios Solu\u00e7\u00f5es em Gest\u00e3o para Sa\u00fade","og_description":"Estado ainda conquistou o primeiro lugar na Campanha Nacional de Cirurgias Eletivas O Governo de Santa Catarina conseguiu importantes avan\u00e7os em 2018 na Sa\u00fade. A maior parte das conquistas se deve ao fortalecimento de uma das mais importantes bandeiras assumidas pelo governador Eduardo Pinho Moreira, a regionaliza\u00e7\u00e3o. Considerando que o volume de demandas da sociedade [&hellip;]","og_url":"https:\/\/heliosconsultoria.com.br\/solucoes-em-gestao-para-saude\/modernizacao-gestao-e-regionalizacao-garantem-avancos-para-a-saude-de-santa-catarina\/","og_site_name":"Helios Solu\u00e7\u00f5es em Gest\u00e3o para Sa\u00fade","article_published_time":"2019-01-21T12:23:58+00:00","og_image":[{"width":620,"height":413,"url":"https:\/\/heliosconsultoria.com.br\/solucoes-em-gestao-para-saude\/wp-content\/uploads\/2019\/01\/modernizacao-gestao-e-regionalizacao-garantem-avancos-para-a-saude-de-santa-cata.jpg","type":"image\/jpeg"}],"twitter_card":"summary_large_image","twitter_misc":{"Escrito por":"Alex Magno","Est. tempo de leitura":"5 minutos"},"schema":{"@context":"https:\/\/schema.org","@graph":[{"@type":"WebSite","@id":"https:\/\/heliosconsultoria.com.br\/solucoes-em-gestao-para-saude\/#website","url":"https:\/\/heliosconsultoria.com.br\/solucoes-em-gestao-para-saude\/","name":"Helios Solu\u00e7\u00f5es em Gest\u00e3o para Sa\u00fade","description":"","potentialAction":[{"@type":"SearchAction","target":{"@type":"EntryPoint","urlTemplate":"https:\/\/heliosconsultoria.com.br\/solucoes-em-gestao-para-saude\/?s={search_term_string}"},"query-input":"required name=search_term_string"}],"inLanguage":"pt-BR"},{"@type":"ImageObject","inLanguage":"pt-BR","@id":"https:\/\/heliosconsultoria.com.br\/solucoes-em-gestao-para-saude\/modernizacao-gestao-e-regionalizacao-garantem-avancos-para-a-saude-de-santa-catarina\/#primaryimage","url":"https:\/\/heliosconsultoria.com.br\/solucoes-em-gestao-para-saude\/wp-content\/uploads\/2019\/01\/modernizacao-gestao-e-regionalizacao-garantem-avancos-para-a-saude-de-santa-cata.jpg","contentUrl":"https:\/\/heliosconsultoria.com.br\/solucoes-em-gestao-para-saude\/wp-content\/uploads\/2019\/01\/modernizacao-gestao-e-regionalizacao-garantem-avancos-para-a-saude-de-santa-cata.jpg","width":620,"height":413},{"@type":"WebPage","@id":"https:\/\/heliosconsultoria.com.br\/solucoes-em-gestao-para-saude\/modernizacao-gestao-e-regionalizacao-garantem-avancos-para-a-saude-de-santa-catarina\/#webpage","url":"https:\/\/heliosconsultoria.com.br\/solucoes-em-gestao-para-saude\/modernizacao-gestao-e-regionalizacao-garantem-avancos-para-a-saude-de-santa-catarina\/","name":"Moderniza\u00e7\u00e3o, gest\u00e3o e regionaliza\u00e7\u00e3o garantem avan\u00e7os para a sa\u00fade de Santa Catarina - Helios Solu\u00e7\u00f5es em Gest\u00e3o para Sa\u00fade","isPartOf":{"@id":"https:\/\/heliosconsultoria.com.br\/solucoes-em-gestao-para-saude\/#website"},"primaryImageOfPage":{"@id":"https:\/\/heliosconsultoria.com.br\/solucoes-em-gestao-para-saude\/modernizacao-gestao-e-regionalizacao-garantem-avancos-para-a-saude-de-santa-catarina\/#primaryimage"},"datePublished":"2019-01-21T12:23:58+00:00","dateModified":"2019-01-21T12:23:58+00:00","author":{"@id":"https:\/\/heliosconsultoria.com.br\/solucoes-em-gestao-para-saude\/#\/schema\/person\/bd1d067050488262afd40f24c712dfd9"},"breadcrumb":{"@id":"https:\/\/heliosconsultoria.com.br\/solucoes-em-gestao-para-saude\/modernizacao-gestao-e-regionalizacao-garantem-avancos-para-a-saude-de-santa-catarina\/#breadcrumb"},"inLanguage":"pt-BR","potentialAction":[{"@type":"ReadAction","target":["https:\/\/heliosconsultoria.com.br\/solucoes-em-gestao-para-saude\/modernizacao-gestao-e-regionalizacao-garantem-avancos-para-a-saude-de-santa-catarina\/"]}]},{"@type":"BreadcrumbList","@id":"https:\/\/heliosconsultoria.com.br\/solucoes-em-gestao-para-saude\/modernizacao-gestao-e-regionalizacao-garantem-avancos-para-a-saude-de-santa-catarina\/#breadcrumb","itemListElement":[{"@type":"ListItem","position":1,"name":"In\u00edcio","item":"https:\/\/heliosconsultoria.com.br\/solucoes-em-gestao-para-saude\/"},{"@type":"ListItem","position":2,"name":"Moderniza\u00e7\u00e3o, gest\u00e3o e regionaliza\u00e7\u00e3o garantem avan\u00e7os para a sa\u00fade de Santa Catarina"}]},{"@type":"Person","@id":"https:\/\/heliosconsultoria.com.br\/solucoes-em-gestao-para-saude\/#\/schema\/person\/bd1d067050488262afd40f24c712dfd9","name":"Alex Magno","image":{"@type":"ImageObject","inLanguage":"pt-BR","@id":"https:\/\/heliosconsultoria.com.br\/solucoes-em-gestao-para-saude\/#\/schema\/person\/image\/","url":"https:\/\/secure.gravatar.com\/avatar\/c1377ba81d8dc47733f8278d3f598761?s=96&d=mm&r=g","contentUrl":"https:\/\/secure.gravatar.com\/avatar\/c1377ba81d8dc47733f8278d3f598761?s=96&d=mm&r=g","caption":"Alex Magno"},"url":"https:\/\/heliosconsultoria.com.br\/solucoes-em-gestao-para-saude\/author\/magno\/"}]}},"_links":{"self":[{"href":"https:\/\/heliosconsultoria.com.br\/solucoes-em-gestao-para-saude\/wp-json\/wp\/v2\/posts\/1030"}],"collection":[{"href":"https:\/\/heliosconsultoria.com.br\/solucoes-em-gestao-para-saude\/wp-json\/wp\/v2\/posts"}],"about":[{"href":"https:\/\/heliosconsultoria.com.br\/solucoes-em-gestao-para-saude\/wp-json\/wp\/v2\/types\/post"}],"author":[{"embeddable":true,"href":"https:\/\/heliosconsultoria.com.br\/solucoes-em-gestao-para-saude\/wp-json\/wp\/v2\/users\/3"}],"replies":[{"embeddable":true,"href":"https:\/\/heliosconsultoria.com.br\/solucoes-em-gestao-para-saude\/wp-json\/wp\/v2\/comments?post=1030"}],"version-history":[{"count":1,"href":"https:\/\/heliosconsultoria.com.br\/solucoes-em-gestao-para-saude\/wp-json\/wp\/v2\/posts\/1030\/revisions"}],"predecessor-version":[{"id":1033,"href":"https:\/\/heliosconsultoria.com.br\/solucoes-em-gestao-para-saude\/wp-json\/wp\/v2\/posts\/1030\/revisions\/1033"}],"wp:featuredmedia":[{"embeddable":true,"href":"https:\/\/heliosconsultoria.com.br\/solucoes-em-gestao-para-saude\/wp-json\/wp\/v2\/media\/1032"}],"wp:attachment":[{"href":"https:\/\/heliosconsultoria.com.br\/solucoes-em-gestao-para-saude\/wp-json\/wp\/v2\/media?parent=1030"}],"wp:term":[{"taxonomy":"category","embeddable":true,"href":"https:\/\/heliosconsultoria.com.br\/solucoes-em-gestao-para-saude\/wp-json\/wp\/v2\/categories?post=1030"},{"taxonomy":"post_tag","embeddable":true,"href":"https:\/\/heliosconsultoria.com.br\/solucoes-em-gestao-para-saude\/wp-json\/wp\/v2\/tags?post=1030"}],"curies":[{"name":"wp","href":"https:\/\/api.w.org\/{rel}","templated":true}]}}